{"id":145415,"date":"2025-06-02T02:46:13","date_gmt":"2025-06-02T02:46:13","guid":{"rendered":"https:\/\/www.europesays.com\/fr\/145415\/"},"modified":"2025-06-02T02:46:13","modified_gmt":"2025-06-02T02:46:13","slug":"la-serie-netflix-pourrait-elle-avoir-une-saison-2-ce-que-disent-les-livres-de-jussi-adler-olsen-dont-elle-est-adaptee","status":"publish","type":"post","link":"https:\/\/www.europesays.com\/fr\/145415\/","title":{"rendered":"La s\u00e9rie Netflix pourrait-elle avoir une saison 2 ? Ce que disent les livres de Jussi Adler-Olsen dont elle est adapt\u00e9e"},"content":{"rendered":"<p>La s\u00e9rie Netflix Les Dossiers oubli\u00e9s est une adaptation des livres de l&rsquo;auteur danois Jussi Adler-Olsen, vendus \u00e0 plus de 18 millions d&rsquo;exemplaires. Mais ce mat\u00e9riel source promet-il une suite \u00e0 la s\u00e9rie ?<\/p>\n<p>Lorsque Netflix trouve le bon filon litt\u00e9raire \u00e0 adapter, le succ\u00e8s n&rsquo;est jamais bien loin. Alors que dans un registre romantique, la s\u00e9rie <a href=\"https:\/\/www.programme-tv.net\/news\/series-tv\/378947-bridgerton-netflix-ce-qu-il-pourrait-se-passer-dans-les-saisons-5-et-6-selon-les-livres-de-julia-quinn\/\" data-api-deeplink=\"teleloisirs:\/\/news\/378947\" target=\"_blank\" rel=\"noopener\">La Chronique des Bridgerton suit fid\u00e8lement les tomes \u00e9crits par Julia Quinn<\/a>, les cat\u00e9gories plus sombres de la plateforme de streaming sont \u00e9galement trust\u00e9es par les adaptations, \u00e0 l&rsquo;instar de <a href=\"https:\/\/www.programme-tv.net\/news\/series-tv\/377366-apres-meurtres-a-are-l-auteure-viveca-sten-vous-conseille-ces-romans-bientot-adaptes-en-serie-qui-l-ont-rendue-accro\/\" data-api-deeplink=\"teleloisirs:\/\/news\/377366\" target=\"_blank\" rel=\"noopener\">Meurtres \u00e0 Are de Viveca Sten<\/a>. Mais plus r\u00e9cemment, c&rsquo;est <a href=\"https:\/\/www.programme-tv.net\/news\/series-tv\/379897-les-dossiers-oublies-que-vaut-la-nouvelle-serie-thriller-netflix-du-createur-du-jeu-de-la-dame-tiree-de-livres-vendus-a-plus-de-18-millions-d-exemplaires\/\" data-api-deeplink=\"teleloisirs:\/\/news\/379897\" target=\"_blank\" rel=\"noopener\">la s\u00e9rie Les Dossiers oubli\u00e9s qui rencontre un certain succ\u00e8s<\/a>. Si la fiction t\u00e9l\u00e9visuelle est sign\u00e9e par Scott Frank, d\u00e9j\u00e0 cr\u00e9ateur du Jeu de la dame, elle est surtout adapt\u00e9e de la s\u00e9rie litt\u00e9raire Les Enqu\u00eates du d\u00e9partement V de Jussi Adler-Olsen, v\u00e9ritable ph\u00e9nom\u00e8ne en libraire. Les publications de l&rsquo;auteur danois nous permettent-elles d&rsquo;envisager une saison 2 \u00e0 la s\u00e9rie ?<\/p>\n<p>Les Dossiers oubli\u00e9s saison 2 : ce que les livres de Jussi Adler-Olsen permettent pour la suite sur Netflix<\/p>\n<p>Sur le papier, Les Enqu\u00eates du d\u00e9partement V mettent \u00e9galement en sc\u00e8ne un inspecteur du nom de Carl M\u00f8rck. Si ce dernier officie au Danemark et non en \u00c9cosse comme dans la s\u00e9rie, il est bel et bien charg\u00e9 des \u00ab\u00a0cold case\u00a0\u00bb, ces affaires abandonn\u00e9es depuis des ann\u00e9es par police et qu&rsquo;il d\u00e9cide de rouvrir. Dans les livres de Jussi Adler-Olsen, Carl M\u00f8rck est accompagn\u00e9 de Hafez el Assad, son assistant d&rsquo;origine syrienne, qui se traduit par le personnage d&rsquo;Akram dans la fiction Netflix, ainsi que de Rose, une secr\u00e9taire punk dans les livres transform\u00e9e en jeune enqu\u00eatrice haute en couleur dans la s\u00e9rie. Le premier tome des enqu\u00eates de Carl M\u00f8rck intitul\u00e9 Mis\u00e9ricorde est tr\u00e8s semblable \u00e0 la premi\u00e8re saison sur Netflix puisqu&rsquo;il tente de retrouver Merete Lyyngaard, jeune femme et figure politique forte du Danemark, enferm\u00e9e dans une cage depuis cinq ans. Mis\u00e9ricorde est le premier tome d&rsquo;une s\u00e9rie de dix suivant les m\u00e9saventures du renfrogn\u00e9 inspecteur. Un mat\u00e9riel source donc tr\u00e8s riche qui permettrait ais\u00e9ment \u00e0 Scott Frank et Netflix d&rsquo;envisager et d&rsquo;\u00e9crire une saison 2.<\/p>\n<p>                        Les Dossiers oubli\u00e9s : quelle pourrait \u00eatre l&rsquo;histoire de la saison 2 selon les livres de Jussi Adler-Olsen ?<\/p>\n<p>Dans le second tome des Enqu\u00eates du d\u00e9partement V intitul\u00e9 Profanation, Carl M\u00f8rck reprend du service. Cette fois-ci c&rsquo;est un double homicide remontant \u00e0 1987 qui occupe ses pens\u00e9es et stimule son instinct d&rsquo;enqu\u00eateur : \u00e0 l&rsquo;\u00e9poque, une bande de jeunes issus des milieux ais\u00e9s et privil\u00e9gi\u00e9s du Danemark est soup\u00e7onn\u00e9e. Ils sont finalement innocent\u00e9s apr\u00e8s que l&rsquo;un des leurs se soit d\u00e9nonc\u00e9 comme le seul coupable. Carl M\u00f8rck plonge alors dans les arcanes du pouvoir du pays et de ses familles les plus fortun\u00e9es et corrompues&#8230;<\/p>\n","protected":false},"excerpt":{"rendered":"La s\u00e9rie Netflix Les Dossiers oubli\u00e9s est une adaptation des livres de l&rsquo;auteur danois Jussi Adler-Olsen, vendus \u00e0&hellip;\n","protected":false},"author":2,"featured_media":145416,"comment_status":"","ping_status":"","sticky":false,"template":"","format":"standard","meta":{"footnotes":""},"categories":[1356],"tags":[244,58,59,1011,27,26843,27436,127,1722,1721,129,252,1364],"class_list":{"0":"post-145415","1":"post","2":"type-post","3":"status-publish","4":"format-standard","5":"has-post-thumbnail","7":"category-television","8":"tag-commentaire","9":"tag-divertissement","10":"tag-entertainment","11":"tag-fr","12":"tag-france","13":"tag-les-dossiers-oubliu00e9s","14":"tag-matthew-goode","15":"tag-netflix","16":"tag-pub-streaming-netflix","17":"tag-su00e9rie-netflix","18":"tag-svod","19":"tag-television","20":"tag-tv"},"share_on_mastodon":{"url":"https:\/\/pubeurope.com\/@fr\/114611485616186348","error":""},"_links":{"self":[{"href":"https:\/\/www.europesays.com\/fr\/wp-json\/wp\/v2\/posts\/145415","targetHints":{"allow":["GET"]}}],"collection":[{"href":"https:\/\/www.europesays.com\/fr\/wp-json\/wp\/v2\/posts"}],"about":[{"href":"https:\/\/www.europesays.com\/fr\/wp-json\/wp\/v2\/types\/post"}],"author":[{"embeddable":true,"href":"https:\/\/www.europesays.com\/fr\/wp-json\/wp\/v2\/users\/2"}],"replies":[{"embeddable":true,"href":"https:\/\/www.europesays.com\/fr\/wp-json\/wp\/v2\/comments?post=145415"}],"version-history":[{"count":0,"href":"https:\/\/www.europesays.com\/fr\/wp-json\/wp\/v2\/posts\/145415\/revisions"}],"wp:featuredmedia":[{"embeddable":true,"href":"https:\/\/www.europesays.com\/fr\/wp-json\/wp\/v2\/media\/145416"}],"wp:attachment":[{"href":"https:\/\/www.europesays.com\/fr\/wp-json\/wp\/v2\/media?parent=145415"}],"wp:term":[{"taxonomy":"category","embeddable":true,"href":"https:\/\/www.europesays.com\/fr\/wp-json\/wp\/v2\/categories?post=145415"},{"taxonomy":"post_tag","embeddable":true,"href":"https:\/\/www.europesays.com\/fr\/wp-json\/wp\/v2\/tags?post=145415"}],"curies":[{"name":"wp","href":"https:\/\/api.w.org\/{rel}","templated":true}]}}