{"id":145417,"date":"2025-06-02T02:47:20","date_gmt":"2025-06-02T02:47:20","guid":{"rendered":"https:\/\/www.europesays.com\/fr\/145417\/"},"modified":"2025-06-02T02:47:20","modified_gmt":"2025-06-02T02:47:20","slug":"vitaa-serait-elle-sur-le-point-de-prendre-sa-retraite","status":"publish","type":"post","link":"https:\/\/www.europesays.com\/fr\/145417\/","title":{"rendered":"Vitaa serait-elle sur le point de prendre sa retraite ?"},"content":{"rendered":"<p>Figure incontournable de la sc\u00e8ne musicale fran\u00e7aise, Vitaa, r\u00e9v\u00e9l\u00e9e en 2006 gr\u00e2ce au titre Confessions nocturnes en duo avec Diam\u2019s, a depuis encha\u00een\u00e9 les succ\u00e8s, dont l\u2019album \u00c0 fleur de toi en 2007 et plus r\u00e9cemment Charlotte , sorti en 2023. Ce dernier opus, tr\u00e8s personnel, a marqu\u00e9 son retour en solo apr\u00e8s une tourn\u00e9e triomphale avec Slimane. Mais si la chanteuse est toujours tr\u00e8s pr\u00e9sente dans le paysage musical, elle confie d\u00e9sormais vouloir \u00e9voluer autrement. En 2023 d\u00e9j\u00e0, elle avait confi\u00e9 \u00e0 T\u00e9l\u00e9 7 Jours : \u00ab\u00a0J\u2019ai envie, avec l\u2019\u00e2ge aussi, d\u2019\u00eatre plus dans l\u2019ombre. Je m\u2019\u00e9panouis comme \u00e7a aussi\u2026 J\u2019ai envie d\u2019\u00e9crire pour les autres, j\u2019adore cela\u00a0\u00bb . \u00c0 lire \u00e9galement Tout pour la lumi\u00e8re : Vitaa au casting du nouveau feuilleton de TF1 Vitaa pr\u00eate \u00e0 prendre sa retraite ? Invit\u00e9e de Bernard Montiel sur RFM ce samedi 31 mai, Vitaa a de nouveau ouvert son c\u0153ur sur ses envies d\u2019avenir et sur sa vision du m\u00e9tier. \u00ab\u00a0Je me suis dit : &lsquo;Il y aura ma vie de femme, mais il y aura ma vie d\u2019artiste'\u00a0\u00bb , a-t-elle confi\u00e9, rappelant son d\u00e9sir de trouver un \u00e9quilibre entre carri\u00e8re et vie familiale. \u00c0 41 ans, Vitaa n&rsquo;envisage pas de raccrocher imm\u00e9diatement le micro, mais elle pose d\u00e9j\u00e0 les bases d\u2019un retrait progressif. Elle a expliqu\u00e9 que le jour o\u00f9 elle sentira qu\u2019elle n\u2019est plus \u00ab\u00a0int\u00e9ressante\u00a0\u00bb ou qu\u2019elle n\u2019a plus rien \u00e0 raconter, elle commencera \u00ab\u00a0peut-\u00eatre \u00e0 quitter la lumi\u00e8re\u00a0\u00bb. Attach\u00e9e \u00e0 l\u2019\u00e9criture, elle envisage n\u00e9anmoins de continuer sa carri\u00e8re dans l\u2019ombre. \u00ab\u00a0Moi par exemple, je suis auteure pour moi et pour plein d\u2019autres gens et c\u2019est un exercice dans lequel je m\u2019\u00e9panouis \u00e9norm\u00e9ment depuis toujours dans l\u2019ombre (&#8230;) C\u2019est un truc vers lequel je vais aller de plus en plus aussi en sortant de la lumi\u00e8re\u00a0\u00bb , a-t-elle d\u00e9taill\u00e9. La chanteuse fait un \u00e9tat des lieux Refusant de s\u2019accrocher \u00e0 tout prix aux projecteurs, elle explique : \u00ab\u00a0\u00c7a ne veut pas dire que la musique, c&rsquo;est la fin, mais \u00e0 un moment donn\u00e9 cette vie de fastes, de courir partout, des fois, tu rentres chez toi et tu te demandes si tu n\u2019as pas rat\u00e9 ce moment-l\u00e0 avec les enfants\u2026\u00a0\u00bb . Une r\u00e9flexion personnelle, aliment\u00e9e par le passage du temps et l\u2019\u00e9mergence d\u2019une nouvelle g\u00e9n\u00e9ration d\u2019artistes. \u00ab\u00a0Quand tu passes la quarantaine, tu te demandes si tu vas faire \u00e7a toute ta vie et puis il y a une nouvelle sc\u00e8ne qui arrive et qui est dans un autre univers aussi. Moi, je ne veux pas \u00eatre l\u2019artiste qui s\u2019accroche, qu\u2019on voit et qu\u2019on se dit : &lsquo;Oh la la, la pauvre\u2019\u00a0\u00bb , a-t-elle ajout\u00e9. Dans ce m\u00e9tier qu\u2019elle d\u00e9crit comme une \u00ab\u00a0passion\u00a0\u00bb , Vitaa ne cache pas non plus les revers de la m\u00e9daille : \u00ab\u00a0Elle peut te torturer, te tirer vers le bas, te faire du mal. Parce que c\u2019est un m\u00e9tier qui est double tranchant\u00a0\u00bb. Elle d\u00e9nonce un univers parfois superficiel, o\u00f9 les liens sinc\u00e8res sont, h\u00e9las, rares\u2026 \u00ab\u00a0C\u2019est un m\u00e9tier qui va vite. Et o\u00f9, finalement, les liens avec les gens sont souvent faux, opportunistes. Et souvent int\u00e9ress\u00e9s. C\u2019est un m\u00e9tier dans lequel je me suis fait tr\u00e8s peu d\u2019amis. Mes amis, je peux les compter sur les doigts d\u2019une main. Et ce sont les m\u00eames depuis quinze ans\u00a0\u00bb , a regrett\u00e9 celle qui ne compte pas \u00ab\u00a0mourir sur sc\u00e8ne \u00ab\u00a0.<\/p>\n","protected":false},"excerpt":{"rendered":"Figure incontournable de la sc\u00e8ne musicale fran\u00e7aise, Vitaa, r\u00e9v\u00e9l\u00e9e en 2006 gr\u00e2ce au titre Confessions nocturnes en duo&hellip;\n","protected":false},"author":2,"featured_media":145418,"comment_status":"","ping_status":"","sticky":false,"template":"","format":"standard","meta":{"footnotes":""},"categories":[1355],"tags":[58,59,1011,27,1361,873,27437,26648],"class_list":{"0":"post-145417","1":"post","2":"type-post","3":"status-publish","4":"format-standard","5":"has-post-thumbnail","7":"category-musique","8":"tag-divertissement","9":"tag-entertainment","10":"tag-fr","11":"tag-france","12":"tag-music","13":"tag-musique","14":"tag-revers-de-la-medaille","15":"tag-vitaa"},"share_on_mastodon":{"url":"https:\/\/pubeurope.com\/@fr\/114611489612359434","error":""},"_links":{"self":[{"href":"https:\/\/www.europesays.com\/fr\/wp-json\/wp\/v2\/posts\/145417","targetHints":{"allow":["GET"]}}],"collection":[{"href":"https:\/\/www.europesays.com\/fr\/wp-json\/wp\/v2\/posts"}],"about":[{"href":"https:\/\/www.europesays.com\/fr\/wp-json\/wp\/v2\/types\/post"}],"author":[{"embeddable":true,"href":"https:\/\/www.europesays.com\/fr\/wp-json\/wp\/v2\/users\/2"}],"replies":[{"embeddable":true,"href":"https:\/\/www.europesays.com\/fr\/wp-json\/wp\/v2\/comments?post=145417"}],"version-history":[{"count":0,"href":"https:\/\/www.europesays.com\/fr\/wp-json\/wp\/v2\/posts\/145417\/revisions"}],"wp:featuredmedia":[{"embeddable":true,"href":"https:\/\/www.europesays.com\/fr\/wp-json\/wp\/v2\/media\/145418"}],"wp:attachment":[{"href":"https:\/\/www.europesays.com\/fr\/wp-json\/wp\/v2\/media?parent=145417"}],"wp:term":[{"taxonomy":"category","embeddable":true,"href":"https:\/\/www.europesays.com\/fr\/wp-json\/wp\/v2\/categories?post=145417"},{"taxonomy":"post_tag","embeddable":true,"href":"https:\/\/www.europesays.com\/fr\/wp-json\/wp\/v2\/tags?post=145417"}],"curies":[{"name":"wp","href":"https:\/\/api.w.org\/{rel}","templated":true}]}}