{"id":145423,"date":"2025-06-02T02:51:09","date_gmt":"2025-06-02T02:51:09","guid":{"rendered":"https:\/\/www.europesays.com\/fr\/145423\/"},"modified":"2025-06-02T02:51:09","modified_gmt":"2025-06-02T02:51:09","slug":"anne-sophie-lapix-viree-du-20h-france-2-tente-de-piquer-une-star-de-linfo-a-tf1","status":"publish","type":"post","link":"https:\/\/www.europesays.com\/fr\/145423\/","title":{"rendered":"Anne-Sophie Lapix vir\u00e9e du 20h : France 2 tente de piquer une star de l\u2019info \u00e0 TF1"},"content":{"rendered":"<p>      R\u00e9sum\u00e9<\/p>\n<p>Anne-Sophie Lapix devrait c\u00e9der sa place au 20h de France 2 en juillet, tandis que plusieurs journalistes, internes et externes, sont envisag\u00e9s pour la remplacer.<\/p>\n<p>        Sommaire<\/p>\n<p>Une page s&rsquo;appr\u00eate \u00e0 \u00eatre tourn\u00e9e \u00e0 France. Huit ans apr\u00e8s l&rsquo;\u00e9viction de David Pujadas, <strong>c&rsquo;est au tour de celle qui l&rsquo;a remplac\u00e9<\/strong>, Anne-Sophie Lapix, de subir un sort identique. <a href=\"https:\/\/www.public.fr\/anne-sophie-lapix-evincee-du-jt-de-france-2-les-raisons-enfin-devoilees\" rel=\"nofollow noopener\" target=\"_blank\">Menac\u00e9e depuis d\u00e9j\u00e0 plusieurs mois<\/a> par des audiences fragilis\u00e9es, la journaliste va devoir c\u00e9der sa place de titulaire d\u00e8s le d\u00e9but du mois de juillet. Si la date de son dernier JT n&rsquo;est pas encore connue, et devrait \u00eatre fix\u00e9e au 3 ou 10 juillet prochain, <strong>Anne-Sophie Lapix attend de savoir la personne choisie pour la remplacer<\/strong>.<\/p>\n<p>Depuis plusieurs semaines, <a href=\"https:\/\/www.public.fr\/julien-arnaud-benjamin-duhamel-caroline-roux-qui-pour-remplacer-anne-sophie-lapix-au-20h\" rel=\"nofollow noopener\" target=\"_blank\">la piste de Caroline Roux br\u00fble les l\u00e8vres<\/a> de tout le monde. Mais au fil des jours, celle-ci semble s&rsquo;\u00eatre \u00e9loign\u00e9e, au profit de recrutements surprises venus de l&rsquo;ext\u00e9rieur. Ainsi, comme le r\u00e9v\u00e8le Le Parisien, <strong>Benjamin Duhamel est en discussions avanc\u00e9es<\/strong> avec le service public. Il pourrait rejoindre Franceinter, Franceinfo ou France 2 \u00e0 la rentr\u00e9e prochaine. Selon Cl\u00e9ment Garin, <strong>Darius Rochebin<\/strong>, <a href=\"https:\/\/vsd.fr\/68105-une-nouvelle-star-en-france-captivant-louis-sarkozy-fait-son-retour-sur-le-devant-de-la-scene-et-cest-un-succes\/\" rel=\"nofollow noopener\" target=\"_blank\">visage phare de LCI<\/a>, a \u00e9galement re\u00e7u une proposition, qu&rsquo;il aurait finalement d\u00e9clin\u00e9e.<\/p>\n<p>Anne-Claire Coudray pr\u00eate \u00e0 remplacer Anne-Sophie Lapix ?<\/p>\n<p>Mais ce n&rsquo;est pas tout&#8230; Depuis quelques jours, la direction de l&rsquo;info de France T\u00e9l\u00e9visions <strong>s&rsquo;int\u00e9resserait de pr\u00e8s au profil d&rsquo;Anne-Claire Coudray<\/strong>. La star des weekends de TF1, choisie pour <a href=\"https:\/\/www.public.fr\/il-faut-sen-aller-vite-anne-sophie-lapix-ecartee-du-jt-de-france-2-claire-chazal-dit-tout-ce-quelle-en-pense\" rel=\"nofollow noopener\" target=\"_blank\">remplacer Claire Chazal<\/a> apr\u00e8s son \u00e9viction en 2015, aurait \u00e9t\u00e9 sollicit\u00e9e. Difficile d&rsquo;imaginer la journaliste dire oui&#8230; Ses scores le weekend sont stratosph\u00e9riques, et <strong>ses JT sont, de loin, les plus regard\u00e9s chaque semaine<\/strong>.<\/p>\n<p>Si Anne-Claire Coudray venait \u00e0 refuser, d&rsquo;autres pistes, cette fois internes, \u00e9mergeraient. <strong>Alors que les noms de Maya Lauqu\u00e9 et Julien Arnaud<\/strong> sont \u00e9voqu\u00e9s, une autre piste vient d&rsquo;\u00eatre susurr\u00e9e par nos confr\u00e8res : <a href=\"https:\/\/www.public.fr\/aurelie-casse-vives-tensions-sur-son-plateau-avec-jordan-bardella-cette-question-quil-na-pas-supportee\" rel=\"nofollow noopener\" target=\"_blank\">Aur\u00e9lie Casse<\/a>. La pr\u00e9sentatrice de C l&rsquo;hebdo pourrait clouer tous ses confr\u00e8res au poteau et \u00eatre la surprise de ce mercato&#8230; Alors, qui animera le 20h \u00e0 la rentr\u00e9e ? Les paris sont ouverts.<\/p>\n<p>      Mentionn\u00e9s dans cet article<\/p>\n<p>\u00c0 lire aussi<\/p>\n","protected":false},"excerpt":{"rendered":"R\u00e9sum\u00e9 Anne-Sophie Lapix devrait c\u00e9der sa place au 20h de France 2 en juillet, tandis que plusieurs journalistes,&hellip;\n","protected":false},"author":2,"featured_media":145424,"comment_status":"","ping_status":"","sticky":false,"template":"","format":"standard","meta":{"footnotes":""},"categories":[8],"tags":[27438,21313,17979,20290,27439,58,59,1011,27,594,3699,27440,27441,199],"class_list":{"0":"post-145423","1":"post","2":"type-post","3":"status-publish","4":"format-standard","5":"has-post-thumbnail","7":"category-divertissement","8":"tag-anne-claire-coudray","9":"tag-anne-sophie-lapix","10":"tag-audrey-crespo-mara","11":"tag-aurelie-casse","12":"tag-benjamin-duhamel","13":"tag-divertissement","14":"tag-entertainment","15":"tag-fr","16":"tag-france","17":"tag-france-2","18":"tag-journal-de-20-heures","19":"tag-julien-arnaud","20":"tag-maya-lauque","21":"tag-tf1"},"share_on_mastodon":{"url":"https:\/\/pubeurope.com\/@fr\/114611505355348293","error":""},"_links":{"self":[{"href":"https:\/\/www.europesays.com\/fr\/wp-json\/wp\/v2\/posts\/145423","targetHints":{"allow":["GET"]}}],"collection":[{"href":"https:\/\/www.europesays.com\/fr\/wp-json\/wp\/v2\/posts"}],"about":[{"href":"https:\/\/www.europesays.com\/fr\/wp-json\/wp\/v2\/types\/post"}],"author":[{"embeddable":true,"href":"https:\/\/www.europesays.com\/fr\/wp-json\/wp\/v2\/users\/2"}],"replies":[{"embeddable":true,"href":"https:\/\/www.europesays.com\/fr\/wp-json\/wp\/v2\/comments?post=145423"}],"version-history":[{"count":0,"href":"https:\/\/www.europesays.com\/fr\/wp-json\/wp\/v2\/posts\/145423\/revisions"}],"wp:featuredmedia":[{"embeddable":true,"href":"https:\/\/www.europesays.com\/fr\/wp-json\/wp\/v2\/media\/145424"}],"wp:attachment":[{"href":"https:\/\/www.europesays.com\/fr\/wp-json\/wp\/v2\/media?parent=145423"}],"wp:term":[{"taxonomy":"category","embeddable":true,"href":"https:\/\/www.europesays.com\/fr\/wp-json\/wp\/v2\/categories?post=145423"},{"taxonomy":"post_tag","embeddable":true,"href":"https:\/\/www.europesays.com\/fr\/wp-json\/wp\/v2\/tags?post=145423"}],"curies":[{"name":"wp","href":"https:\/\/api.w.org\/{rel}","templated":true}]}}