{"id":145427,"date":"2025-06-02T02:53:09","date_gmt":"2025-06-02T02:53:09","guid":{"rendered":"https:\/\/www.europesays.com\/fr\/145427\/"},"modified":"2025-06-02T02:53:09","modified_gmt":"2025-06-02T02:53:09","slug":"trump-jette-de-lhuile-sur-le-feu-et-ravive-la-guerre-commerciale","status":"publish","type":"post","link":"https:\/\/www.europesays.com\/fr\/145427\/","title":{"rendered":"Trump jette de l\u2019huile sur le feu et ravive la guerre commerciale"},"content":{"rendered":"<p>Le pr\u00e9sident am\u00e9ricain taxe l\u2019acier et l\u2019aluminium \u00e0 hauteur de 50\u00a0%. Et il accuse la Chine de ne pas faire les efforts n\u00e9cessaires en vue d\u2019un accord sur les droits de douane r\u00e9ciproques.<\/p>\n<p class=\"fig-paragraph\">La vie sans\u00a0<a href=\"http:\/\/www.lefigaro.fr\/conjoncture\/dossier\/droits-de-douane-americains-notre-dossier-pour-tout-comprendre\" data-fig-type=\"Topic\" data-gtm-custom-categorie=\"navigation\" data-gtm-custom-action=\"crossclick\" data-gtm-custom-label=\"Contextuel\" data-gtm-event=\"customEventSPE\" data-fig-domain=\"LEFIGARO\" target=\"_blank\" rel=\"noopener\">guerre commerciale<\/a>\u00a0? De toute \u00e9vidence, c\u2019est impossible pour Donald Trump. Il a mis la quasi-totalit\u00e9 de la plan\u00e8te sous la menace de droits de douane qui atteindraient le montant faramineux de 145\u00a0% en Chine, en imposant par ailleurs des droits suppl\u00e9mentaires de 25\u00a0% sur certains secteurs d\u2019activit\u00e9.<\/p>\n<p class=\"fig-paragraph\">Mais cela ne lui suffit pas. En invoquant des raisons d\u00e9j\u00e0 rab\u00e2ch\u00e9es, il a ajout\u00e9 vendredi des taxes sur des importations d\u00e9j\u00e0 tr\u00e8s p\u00e9nalis\u00e9es. Les droits de douane sur l\u2019acier et l\u2019aluminium passeront ainsi de 25\u00a0% \u00e0 50\u00a0% le 4\u00a0juin, a-t-il annonc\u00e9 lors d\u2019un d\u00e9placement \u00e0 Pittsburgh, en Pennsylvanie, o\u00f9 il vantait\u00a0<a href=\"http:\/\/www.lefigaro.fr\/conjoncture\/le-titre-us-steel-s-envole-apres-l-annonce-par-trump-d-un-partenariat-avec-nippon-steel-20250523\" data-fig-type=\"NewsFlash\" data-gtm-custom-categorie=\"navigation\" data-gtm-custom-action=\"crossclick\" data-gtm-custom-label=\"Contextuel\" data-gtm-event=\"customEventSPE\" data-fig-domain=\"LEFIGARO\" target=\"_blank\" rel=\"noopener\">un accord entre US Steel et son concurrent japonais, Nippon Steel<\/a>.<\/p>\n<p class=\"fig-paragraph\">La d\u00e9cision am\u00e9ricaine, qui accro\u00eet la pression sur les producteurs mondiaux d\u2019acier, a suscit\u00e9 des protestations dans le monde entier. La Commission europ\u00e9enne a \u00ab\u00a0vivement\u00a0\u00bb d\u00e9plor\u00e9 ce nouveau projet de taxes qui \u00ab\u00a0compromet les efforts en cours pour parvenir \u00e0 une solution n\u00e9goci\u00e9e\u00a0\u00bb<\/p>\n<p class=\"fig-premium-paywall__infos\">\n        Cet article est r\u00e9serv\u00e9 aux abonn\u00e9s.        Il vous reste 84% \u00e0 d\u00e9couvrir.\n    <\/p>\n<p>                <img  data- alt=\"Le Figaro\" class=\"fig-img--complete fig-img\"\/><\/p>\n<p class=\"fig-premium-paywall__title\">Vente Flash<\/p>\n<p class=\"fig-premium-paywall__subtitle\">4,99\u20ac par mois pendant 12 mois. Sans engagement.<\/p>\n<p class=\"fig-premium-paywall__connect\">\n                D\u00e9j\u00e0 abonn\u00e9\u00a0?                <a class=\"fig-premium-paywall__connect-link\" href=\"https:\/\/connect.lefigaro.fr\/login?client=horizon_web&amp;type=main&amp;redirect_uri=https%3A%2F%2Fwww.lefigaro.fr%2Fconjoncture%2Ftrump-jette-de-l-huile-sur-le-feu-et-ravive-la-guerre-commerciale-20250601\" data-js-gtm=\"{&quot;customCategorie&quot;: &quot;conversion&quot;, &quot;customAction&quot;: &quot;before_Landing_Connexion_paywall_auto&quot;, &quot;customLabel&quot;: &quot;bGVmaWdhcm8uZnJfXzFmMDNlZDg5LTQzNDUtNmU5OC1hNGUyLTcxZjYwN2VhNGE3MF9fQXJ0aWNsZQ==_Trump jette de l\u2019huile sur le feu et ravive la guerre commerciale_297&quot;, &quot;customIDSPE&quot;: &quot;bGVmaWdhcm8uZnJfXzFmMDNlZDg5LTQzNDUtNmU5OC1hNGUyLTcxZjYwN2VhNGE3MF9fQXJ0aWNsZQ==&quot;, &quot;event&quot;: &quot;customEventSPE&quot;}\" target=\"_blank\" rel=\"noopener\"><br \/>\n                    Connectez-vous<br \/>\n                <\/a>\n            <\/p>\n","protected":false},"excerpt":{"rendered":"Le pr\u00e9sident am\u00e9ricain taxe l\u2019acier et l\u2019aluminium \u00e0 hauteur de 50\u00a0%. Et il accuse la Chine de ne&hellip;\n","protected":false},"author":2,"featured_media":145428,"comment_status":"","ping_status":"","sticky":false,"template":"","format":"standard","meta":{"footnotes":""},"categories":[6],"tags":[339,340,35,343,345,350,130,344,352,349,75,33,34,341,313,1011,27,346,1074,342,353,351,347,348,354],"class_list":{"0":"post-145427","1":"post","2":"type-post","3":"status-publish","4":"format-standard","5":"has-post-thumbnail","7":"category-economie","8":"tag-actualite-economique","9":"tag-bourse","10":"tag-business","11":"tag-cac-40","12":"tag-chef-dentreprise","13":"tag-concurrence","14":"tag-consommation","15":"tag-creation-dentreprise","16":"tag-crise","17":"tag-delocalisations","18":"tag-donald-trump","19":"tag-economie","20":"tag-economy","21":"tag-emploi","22":"tag-entreprises","23":"tag-fr","24":"tag-france","25":"tag-grands-patrons","26":"tag-guerre-commerciale","27":"tag-impots","28":"tag-licenciements","29":"tag-monopole","30":"tag-multinationales","31":"tag-privatisation","32":"tag-unio"},"share_on_mastodon":{"url":"https:\/\/pubeurope.com\/@fr\/114611513225459112","error":""},"_links":{"self":[{"href":"https:\/\/www.europesays.com\/fr\/wp-json\/wp\/v2\/posts\/145427","targetHints":{"allow":["GET"]}}],"collection":[{"href":"https:\/\/www.europesays.com\/fr\/wp-json\/wp\/v2\/posts"}],"about":[{"href":"https:\/\/www.europesays.com\/fr\/wp-json\/wp\/v2\/types\/post"}],"author":[{"embeddable":true,"href":"https:\/\/www.europesays.com\/fr\/wp-json\/wp\/v2\/users\/2"}],"replies":[{"embeddable":true,"href":"https:\/\/www.europesays.com\/fr\/wp-json\/wp\/v2\/comments?post=145427"}],"version-history":[{"count":0,"href":"https:\/\/www.europesays.com\/fr\/wp-json\/wp\/v2\/posts\/145427\/revisions"}],"wp:featuredmedia":[{"embeddable":true,"href":"https:\/\/www.europesays.com\/fr\/wp-json\/wp\/v2\/media\/145428"}],"wp:attachment":[{"href":"https:\/\/www.europesays.com\/fr\/wp-json\/wp\/v2\/media?parent=145427"}],"wp:term":[{"taxonomy":"category","embeddable":true,"href":"https:\/\/www.europesays.com\/fr\/wp-json\/wp\/v2\/categories?post=145427"},{"taxonomy":"post_tag","embeddable":true,"href":"https:\/\/www.europesays.com\/fr\/wp-json\/wp\/v2\/tags?post=145427"}],"curies":[{"name":"wp","href":"https:\/\/api.w.org\/{rel}","templated":true}]}}