{"id":145429,"date":"2025-06-02T02:54:09","date_gmt":"2025-06-02T02:54:09","guid":{"rendered":"https:\/\/www.europesays.com\/fr\/145429\/"},"modified":"2025-06-02T02:54:09","modified_gmt":"2025-06-02T02:54:09","slug":"vous-tuez-harvard-si-vous-lempechez-daccueillir-des-etudiants-etrangers-liberation","status":"publish","type":"post","link":"https:\/\/www.europesays.com\/fr\/145429\/","title":{"rendered":"\u00abVous tuez Harvard si vous l\u2019emp\u00eachez d\u2019accueillir des \u00e9tudiants \u00e9trangers\u00bb \u2013 Lib\u00e9ration"},"content":{"rendered":"<p class=\"sc-ksZaOG ehjQrN text-element\">Dans le d\u00e9partement de Mich\u00e8le Lamont, professeure de sociologie et d\u2019\u00e9tudes africaines et afro-am\u00e9ricaines \u00e0 l\u2019universit\u00e9 de Harvard depuis 2003, la moiti\u00e9 des nouveaux \u00e9tudiants s\u00e9lectionn\u00e9s pour venir y faire leur th\u00e8se sont \u00e9trangers. Leur venue est compromise depuis que les <a href=\"https:\/\/www.liberation.fr\/international\/amerique\/sanction-contre-les-etudiants-etrangers-a-harvard-trump-menace-luniversite-contre-attaque-20250523_VKFRMUP43VAMFHMDF447N7DSWU\/\" target=\"_blank\" rel=\"nofollow noopener\" title=\"https:\/\/www.liberation.fr\/international\/amerique\/sanction-contre-les-etudiants-etrangers-a-harvard-trump-menace-luniversite-contre-attaque-20250523_VKFRMUP43VAMFHMDF447N7DSWU\/\">autorit\u00e9s de l\u2019immigration ont r\u00e9voqu\u00e9 l\u2019agr\u00e9ment<\/a> autorisant l\u2019universit\u00e9 \u00e0 accueillir des \u00e9tudiants \u00e9trangers, mesure gel\u00e9e par une juge pour le moment. \u00abM\u00eame avec la suspension de la justice, \u00e7a va prendre un bout de temps avant que la situation revienne \u00e0 la normale. Il y a tellement de cat\u00e9gories d\u2019\u00e9tudiants qui sont touch\u00e9es\u2026\u00bb, se d\u00e9sole-t-elle.<\/p>\n<p class=\"sc-ksZaOG ehjQrN text-element\">Sp\u00e9cialiste des in\u00e9galit\u00e9s, Mich\u00e8le Lamont a form\u00e9 \u00e0 Harvard des sociologues venant de dizaines de pays, dont elle vante la \u00abdynamique intellectuelle incroyable. Ce n\u2019est pas en attaquant les syst\u00e8mes d\u2019\u00e9ducation sup\u00e9rieurs et de la recherche que Trump va r\u00e9ussir \u00e0 \u201cmake America great again\u201d. Il s\u2019attaque \u00e0 l\u2019une des forces principales du pays. C\u2019est du jamais vu, \u00e7a tient de l\u2019absurde, on est tous abasourdis par ce qui se passe<\/p>\n","protected":false},"excerpt":{"rendered":"Dans le d\u00e9partement de Mich\u00e8le Lamont, professeure de sociologie et d\u2019\u00e9tudes africaines et afro-am\u00e9ricaines \u00e0 l\u2019universit\u00e9 de Harvard&hellip;\n","protected":false},"author":2,"featured_media":145430,"comment_status":"","ping_status":"","sticky":false,"template":"","format":"standard","meta":{"footnotes":""},"categories":[5],"tags":[11,75,73,1076,1011,27,14,12,5768,28],"class_list":{"0":"post-145429","1":"post","2":"type-post","3":"status-publish","4":"format-standard","5":"has-post-thumbnail","7":"category-international","8":"tag-actualites","9":"tag-donald-trump","10":"tag-etats-unis","11":"tag-extreme-droite","12":"tag-fr","13":"tag-france","14":"tag-international","15":"tag-news","16":"tag-universite","17":"tag-world"},"share_on_mastodon":{"url":"https:\/\/pubeurope.com\/@fr\/114611517062238871","error":""},"_links":{"self":[{"href":"https:\/\/www.europesays.com\/fr\/wp-json\/wp\/v2\/posts\/145429","targetHints":{"allow":["GET"]}}],"collection":[{"href":"https:\/\/www.europesays.com\/fr\/wp-json\/wp\/v2\/posts"}],"about":[{"href":"https:\/\/www.europesays.com\/fr\/wp-json\/wp\/v2\/types\/post"}],"author":[{"embeddable":true,"href":"https:\/\/www.europesays.com\/fr\/wp-json\/wp\/v2\/users\/2"}],"replies":[{"embeddable":true,"href":"https:\/\/www.europesays.com\/fr\/wp-json\/wp\/v2\/comments?post=145429"}],"version-history":[{"count":0,"href":"https:\/\/www.europesays.com\/fr\/wp-json\/wp\/v2\/posts\/145429\/revisions"}],"wp:featuredmedia":[{"embeddable":true,"href":"https:\/\/www.europesays.com\/fr\/wp-json\/wp\/v2\/media\/145430"}],"wp:attachment":[{"href":"https:\/\/www.europesays.com\/fr\/wp-json\/wp\/v2\/media?parent=145429"}],"wp:term":[{"taxonomy":"category","embeddable":true,"href":"https:\/\/www.europesays.com\/fr\/wp-json\/wp\/v2\/categories?post=145429"},{"taxonomy":"post_tag","embeddable":true,"href":"https:\/\/www.europesays.com\/fr\/wp-json\/wp\/v2\/tags?post=145429"}],"curies":[{"name":"wp","href":"https:\/\/api.w.org\/{rel}","templated":true}]}}