{"id":145431,"date":"2025-06-02T02:55:16","date_gmt":"2025-06-02T02:55:16","guid":{"rendered":"https:\/\/www.europesays.com\/fr\/145431\/"},"modified":"2025-06-02T02:55:16","modified_gmt":"2025-06-02T02:55:16","slug":"la-ville-damboise-paralysee-par-une-tentative-dinstallation-illegale-de-gens-du-voyage","status":"publish","type":"post","link":"https:\/\/www.europesays.com\/fr\/145431\/","title":{"rendered":"La ville d\u2019Amboise paralys\u00e9e par une tentative d\u2019installation ill\u00e9gale de gens du voyage"},"content":{"rendered":"<p>Des personnes issues de la communaut\u00e9 des gens du voyage tentent de s\u2019installer ill\u00e9galement sur l\u2019\u00cele d\u2019Or, \u00e0 <a target=\"_self\" href=\"https:\/\/www.lanouvellerepublique.fr\/amboise\" rel=\"noopener\">Amboise<\/a> depuis 15\u00a0h, dimanche 1er\u00a0juin 2025. Une vingtaine de gendarmes, dont une dizaine du Peloton de surveillance et d\u2019intervention de la gendarmerie (Psig) sont actuellement mobilis\u00e9s pour tenter d\u2019emp\u00eacher l\u2019installation d\u2019au moins 200 caravanes.<\/p>\n<p>Situation \u00ab\u00a0tendue\u00a0\u00bb<\/p>\n<p>Le pr\u00e9sident de la communaut\u00e9 de communes du Val d\u2019Amboise, Yves Aguiton t\u00e9moigne d\u2019une situation \u00ab\u00a0tendue\u00a0\u00bb. \u00ab\u00a0Ils voulaient se rendre sur l\u2019\u00cele d\u2019Or, quelques-uns ont r\u00e9ussi \u00e0 entrer mais les gendarmes sont arriv\u00e9s et ont bloqu\u00e9 l\u2019\u00eele. Les caravanes sont stationn\u00e9es sur les quais de la Loire et sur le pont principal. La ville est bloqu\u00e9e\u00a0\u00bb, poursuit Yves Aguiton.<\/p>\n<p>Averti vers 17\u00a0h, il attend de pied ferme l\u2019arriv\u00e9e d\u2019un repr\u00e9sentant de la pr\u00e9fecture pour g\u00e9rer cette situation. Il sera bient\u00f4t rejoint par le maire Brice Ravier, actuellement dans un train. \u00ab\u00a0C\u2019est \u00e0 l\u2019\u00c9tat de leur trouver un terrain\u00a0\u00bb, souligne Yves Aguiton,\u00a0dans ce secteur qui ne dispose pas d\u2019une aire de grand passage.<\/p>\n<p><img alt=\"Des discussions sont en cours entre les gens du voyage et les forces de l\u2019ordre.\" loading=\"lazy\" width=\"980\" height=\"573\" decoding=\"async\" data-nimg=\"1\" class=\"img-responsive spinner-show\" style=\"color:transparent;background-size:cover;background-position:50% 50%;background-repeat:no-repeat;background-image:url(&quot;data:image\/svg+xml;charset=utf-8,%3Csvg xmlns=\" http:=\"\" viewbox=\"0 0 980 573\" id=\"b\" color-interpolation-filters=\"sRGB\" stddeviation=\"20\" values=\"1 0 0 0 0 0 1 0 0 0 0 0 1 0 0 0 0 0 100 -1\" result=\"s\" x=\"0\" y=\"0\" operator=\"out\" in=\"s\" in2=\"SourceGraphic\" preserveaspectratio=\"none\" href=\"https:\/\/images.lanouvellerepublique.fr\/image\/upload\/t_88w\/f_auto\/683c8abf51e615ed4d8b4612.jpg\"   src=\"https:\/\/www.europesays.com\/fr\/wp-content\/uploads\/2025\/06\/683c8abf51e615ed4d8b4612.jpg\"\/><\/p>\n<p style=\"background-color:#F2F2F2;padding:5px;margin-top:0px;margin-bottom:10px\">Des discussions sont en cours entre les gens du voyage et les forces de l\u2019ordre.<br \/> \u00a9 (Photo NR, Julien Coquet)<\/p>\n<p>Dans la mesure o\u00f9 les caravanes affluent de tous les sens, il ne nous est pas permis d\u2019\u00e9tablir un lien avec le d\u00e9part, pr\u00e9vu ce lundi, des gens du voyage <a target=\"_self\" href=\"https:\/\/www.lanouvellerepublique.fr\/indre-et-loire\/commune\/mettray\/installation-de-gens-du-voyage-au-nord-de-tours-on-en-a-ras-le-bol-le-coup-de-gueule-du-maire-de-notre-dame-d-oe-1748637069\" rel=\"noopener\">pr\u00e9sents au nord de Tours<\/a> depuis une semaine.<\/p>\n","protected":false},"excerpt":{"rendered":"Des personnes issues de la communaut\u00e9 des gens du voyage tentent de s\u2019installer ill\u00e9galement sur l\u2019\u00cele d\u2019Or, \u00e0&hellip;\n","protected":false},"author":2,"featured_media":145432,"comment_status":"","ping_status":"","sticky":false,"template":"","format":"standard","meta":{"footnotes":""},"categories":[4],"tags":[1392,11,7502,274,1011,27,3381,1387,12,25],"class_list":{"0":"post-145431","1":"post","2":"type-post","3":"status-publish","4":"format-standard","5":"has-post-thumbnail","7":"category-france","8":"tag-a-la-une-local","9":"tag-actualites","10":"tag-amboise","11":"tag-faits-divers-justice","12":"tag-fr","13":"tag-france","14":"tag-gendarmerie","15":"tag-indre-et-loire","16":"tag-news","17":"tag-republique-francaise"},"share_on_mastodon":{"url":"https:\/\/pubeurope.com\/@fr\/114611521053855366","error":""},"_links":{"self":[{"href":"https:\/\/www.europesays.com\/fr\/wp-json\/wp\/v2\/posts\/145431","targetHints":{"allow":["GET"]}}],"collection":[{"href":"https:\/\/www.europesays.com\/fr\/wp-json\/wp\/v2\/posts"}],"about":[{"href":"https:\/\/www.europesays.com\/fr\/wp-json\/wp\/v2\/types\/post"}],"author":[{"embeddable":true,"href":"https:\/\/www.europesays.com\/fr\/wp-json\/wp\/v2\/users\/2"}],"replies":[{"embeddable":true,"href":"https:\/\/www.europesays.com\/fr\/wp-json\/wp\/v2\/comments?post=145431"}],"version-history":[{"count":0,"href":"https:\/\/www.europesays.com\/fr\/wp-json\/wp\/v2\/posts\/145431\/revisions"}],"wp:featuredmedia":[{"embeddable":true,"href":"https:\/\/www.europesays.com\/fr\/wp-json\/wp\/v2\/media\/145432"}],"wp:attachment":[{"href":"https:\/\/www.europesays.com\/fr\/wp-json\/wp\/v2\/media?parent=145431"}],"wp:term":[{"taxonomy":"category","embeddable":true,"href":"https:\/\/www.europesays.com\/fr\/wp-json\/wp\/v2\/categories?post=145431"},{"taxonomy":"post_tag","embeddable":true,"href":"https:\/\/www.europesays.com\/fr\/wp-json\/wp\/v2\/tags?post=145431"}],"curies":[{"name":"wp","href":"https:\/\/api.w.org\/{rel}","templated":true}]}}