{"id":145433,"date":"2025-06-02T02:56:10","date_gmt":"2025-06-02T02:56:10","guid":{"rendered":"https:\/\/www.europesays.com\/fr\/145433\/"},"modified":"2025-06-02T02:56:10","modified_gmt":"2025-06-02T02:56:10","slug":"les-bouchons-de-lascension-ont-largement-depasse-les-previsions-noires-de-bison-fute","status":"publish","type":"post","link":"https:\/\/www.europesays.com\/fr\/145433\/","title":{"rendered":"Les bouchons de l\u2019Ascension ont largement d\u00e9pass\u00e9 les pr\u00e9visions noires de Bison Fut\u00e9"},"content":{"rendered":"<p>        <img decoding=\"async\" loading=\"lazy\" src=\"https:\/\/www.europesays.com\/fr\/wp-content\/uploads\/2025\/06\/56f9d02_1715336845606-000-par2107953.jpg\"  width=\"728\" height=\"409\" alt=\"Les bouchons de l\u2019Ascension ont largement d\u00e9pass\u00e9 les pr\u00e9visions noires de Bison Fut\u00e9. (image d\u2019illustration)\"\/>  <\/p>\n<p>PIERRE ANDRIEU \/ AFP<\/p>\n<p>Les bouchons de l\u2019Ascension ont largement d\u00e9pass\u00e9 les pr\u00e9visions noires de Bison Fut\u00e9. (image d\u2019illustration)<\/p>\n<p class=\"asset asset-text\">FRANCE &#8211; Les bouchons ont jou\u00e9 avec les nerfs des automobilistes pour la fin du week-end de l\u2019Ascension. Les <a href=\"https:\/\/www.huffingtonpost.fr\/france\/article\/bison-fute-voit-noir-sur-les-routes-pour-le-dimanche-de-l-ascension-voici-ou-les-routes-seront-les-plus-chargees_250747.html\" rel=\"nofollow noopener\" target=\"_blank\">pr\u00e9visions noires de Bison Fut\u00e9<\/a> ont largement \u00e9t\u00e9 d\u00e9pass\u00e9es ce dimanche 1er\u00a0juin, o\u00f9 de nombreuses personnes se sont retrouv\u00e9es sur les routes au retour du <a href=\"https:\/\/www.huffingtonpost.fr\/france\/article\/meteo-france-prevoit-un-premier-pic-de-forte-chaleur-pour-le-pont-de-l-ascension_250543.html\" rel=\"nofollow noopener\" target=\"_blank\">pont de quatre jours<\/a> o\u00f9 les \u00e9coles \u00e9taient ferm\u00e9es.<\/p>\n<p class=\"asset asset-text\">Les embouteillages ont atteint leur pic peu apr\u00e8s 17\u00a0heures avec pr\u00e8s de 1\u00a0245\u00a0kilom\u00e8tres de bouchons cumul\u00e9s selon Bison Fut\u00e9. Ce chiffre exceptionnel supplante de tr\u00e8s loin les niveaux anticip\u00e9s par l\u2019organisme de pr\u00e9voyance qui n\u2019\u00e9tait pourtant pas tr\u00e8s optimiste, annon\u00e7ant une \u00ab\u00a0circulation tr\u00e8s difficile\u00a0\u00bb voire \u00ab\u00a0extr\u00eamement difficile\u00a0\u00bb selon les r\u00e9gions.<\/p>\n<p class=\"asset asset-text\">Parmi les axes les plus encombr\u00e9s\u00a0: l\u2019A7\u00a0ou \u00ab\u00a0autoroute du soleil\u00a0\u00bb qui relie Paris \u00e0 Lyon et cumulait encore pr\u00e8s de 60\u00a0kilom\u00e8tres de bouchons en d\u00e9but de soir\u00e9e. L\u2019A61 (Toulouse-Narbonne) et l\u2019A10 (Paris-<a href=\"https:\/\/www.huffingtonpost.fr\/faits-divers\/article\/au-tribunal-de-bordeaux-une-violente-bagarre-entre-bandes-rivales-eclate-jusqu-a-la-salle-d-audience_249933.html\" rel=\"nofollow noopener\" target=\"_blank\">Bordeaux<\/a>) n\u2019\u00e9taient pas en reste avec respectivement 47,5\u00a0et 41,5\u00a0kilom\u00e8tres de bouchons. \u00c0 19\u00a0heures il fallait encore compter 3h30\u00a0de route, contre 2h30\u00a0habituellement, pour rouler de Poitiers jusqu\u2019au p\u00e9age de Saint-Arnoult, estimait Vinci.<\/p>\n<p>         <img decoding=\"async\" loading=\"lazy\" src=\"https:\/\/www.europesays.com\/fr\/wp-content\/uploads\/2025\/06\/8eb2682_sirius-fs-upload-1-oa0ftzdlmqa1-1748802801391-screenshot-2025-06-01-20-33-06.png\"  width=\"728\" height=\"361\" alt=\"La courbe des bouchons du 1er\u00a0juin publi\u00e9e sur le site de Bison Fut\u00e9.\"\/>  <\/p>\n<p>Capture d\u2019\u00e9cran du site bison-fut\u00e9.gouv<\/p>\n<p>La courbe des bouchons du 1er\u00a0juin publi\u00e9e sur le site de Bison Fut\u00e9.<\/p>\n<p class=\"asset asset-text\">Plusieurs personnes prises dans les bouchons ont fait part de leur d\u00e9sarroi sur les r\u00e9seaux sociaux. \u00ab\u00a0Sympa les bouchons sur la remont\u00e9e sur l\u2019A7\u00a0\u00bb, a ironis\u00e9 un internaute sur X, quand un autre a racont\u00e9 n\u2019avoir \u00ab\u00a0jamais v\u00e9cu une pire exp\u00e9rience en voiture\u00a0que le passage du tunnel du Mont Blanc\u00a0\u00bb. \u00ab\u00a020\u00a0km cumul\u00e9s de bouchons, d\u00e9j\u00e0 2\u00a0heures coinc\u00e9 et \u00e7a n\u2019en finit pas\u00a0\u00bb, a-t-il ajout\u00e9, assurant qu\u2019il ne passera \u00ab\u00a0plus jamais par cette route\u00a0\u00bb.<\/p>\n<p> La lecture de ce contenu est susceptible d\u2019entra\u00eener un d\u00e9p\u00f4t de cookies de la part de l\u2019op\u00e9rateur tiers qui l\u2019h\u00e9berge. Compte-tenu des choix que vous avez exprim\u00e9s en mati\u00e8re de d\u00e9p\u00f4t de cookies, nous avons bloqu\u00e9 l\u2019affichage de ce contenu. Si vous souhaitez y acc\u00e9der, vous devez accepter la cat\u00e9gorie de cookies \u201cContenus tiers\u201d en cliquant sur le bouton ci-dessous. <\/p>\n<p> Lire la Vid\u00e9o           <\/p>\n<p> La lecture de ce contenu est susceptible d\u2019entra\u00eener un d\u00e9p\u00f4t de cookies de la part de l\u2019op\u00e9rateur tiers qui l\u2019h\u00e9berge. Compte-tenu des choix que vous avez exprim\u00e9s en mati\u00e8re de d\u00e9p\u00f4t de cookies, nous avons bloqu\u00e9 l\u2019affichage de ce contenu. Si vous souhaitez y acc\u00e9der, vous devez accepter la cat\u00e9gorie de cookies \u201cContenus tiers\u201d en cliquant sur le bouton ci-dessous. <\/p>\n<p> Lire la Vid\u00e9o           <\/p>\n<p> La lecture de ce contenu est susceptible d\u2019entra\u00eener un d\u00e9p\u00f4t de cookies de la part de l\u2019op\u00e9rateur tiers qui l\u2019h\u00e9berge. Compte-tenu des choix que vous avez exprim\u00e9s en mati\u00e8re de d\u00e9p\u00f4t de cookies, nous avons bloqu\u00e9 l\u2019affichage de ce contenu. Si vous souhaitez y acc\u00e9der, vous devez accepter la cat\u00e9gorie de cookies \u201cContenus tiers\u201d en cliquant sur le bouton ci-dessous. <\/p>\n<p> Lire la Vid\u00e9o        <\/p>\n<p class=\"asset asset-text\">Si plusieurs accidents sont \u00e0 d\u00e9plorer et peuvent expliquer une partie des embouteillages, notamment sur l\u2019A10\u00a0et l\u2019A7, les routes charg\u00e9es sont principalement dues au dimanche de pont. Les difficult\u00e9s de circulations devraient durer jusque tard dans la soir\u00e9e selon France Bleu, qui anticipe des complications sur l\u2019A10\u00a0en \u00cele-de-France ainsi que sur l\u2019A13 (Paris-Caen).<\/p>\n","protected":false},"excerpt":{"rendered":"PIERRE ANDRIEU \/ AFP Les bouchons de l\u2019Ascension ont largement d\u00e9pass\u00e9 les pr\u00e9visions noires de Bison Fut\u00e9. (image&hellip;\n","protected":false},"author":2,"featured_media":145434,"comment_status":"","ping_status":"","sticky":false,"template":"","format":"standard","meta":{"footnotes":""},"categories":[2],"tags":[11,6427,7050,1011,27,12,1097],"class_list":{"0":"post-145433","1":"post","2":"type-post","3":"status-publish","4":"format-standard","5":"has-post-thumbnail","7":"category-actualites","8":"tag-actualites","9":"tag-bison-fute","10":"tag-bouchons","11":"tag-fr","12":"tag-france","13":"tag-news","14":"tag-trafic"},"share_on_mastodon":{"url":"https:\/\/pubeurope.com\/@fr\/114611524966336168","error":""},"_links":{"self":[{"href":"https:\/\/www.europesays.com\/fr\/wp-json\/wp\/v2\/posts\/145433","targetHints":{"allow":["GET"]}}],"collection":[{"href":"https:\/\/www.europesays.com\/fr\/wp-json\/wp\/v2\/posts"}],"about":[{"href":"https:\/\/www.europesays.com\/fr\/wp-json\/wp\/v2\/types\/post"}],"author":[{"embeddable":true,"href":"https:\/\/www.europesays.com\/fr\/wp-json\/wp\/v2\/users\/2"}],"replies":[{"embeddable":true,"href":"https:\/\/www.europesays.com\/fr\/wp-json\/wp\/v2\/comments?post=145433"}],"version-history":[{"count":0,"href":"https:\/\/www.europesays.com\/fr\/wp-json\/wp\/v2\/posts\/145433\/revisions"}],"wp:featuredmedia":[{"embeddable":true,"href":"https:\/\/www.europesays.com\/fr\/wp-json\/wp\/v2\/media\/145434"}],"wp:attachment":[{"href":"https:\/\/www.europesays.com\/fr\/wp-json\/wp\/v2\/media?parent=145433"}],"wp:term":[{"taxonomy":"category","embeddable":true,"href":"https:\/\/www.europesays.com\/fr\/wp-json\/wp\/v2\/categories?post=145433"},{"taxonomy":"post_tag","embeddable":true,"href":"https:\/\/www.europesays.com\/fr\/wp-json\/wp\/v2\/tags?post=145433"}],"curies":[{"name":"wp","href":"https:\/\/api.w.org\/{rel}","templated":true}]}}