{"id":145443,"date":"2025-06-02T03:04:12","date_gmt":"2025-06-02T03:04:12","guid":{"rendered":"https:\/\/www.europesays.com\/fr\/145443\/"},"modified":"2025-06-02T03:04:12","modified_gmt":"2025-06-02T03:04:12","slug":"a-montpellier-le-carre-sainte-anne-renait-avec-jr","status":"publish","type":"post","link":"https:\/\/www.europesays.com\/fr\/145443\/","title":{"rendered":"\u00c0 Montpellier, le Carr\u00e9 Sainte-Anne rena\u00eet avec JR"},"content":{"rendered":"<p>De 2010 \u00e0 2017, le lieu a accueilli, sous l\u2019impulsion de Numa Hambursin, aujourd\u2019hui directeur du MO.CO, des expositions marquantes sign\u00e9es Chiharu Shiota, Robert Combas, JonOne, Jonathan Meese ou encore Barth\u00e9l\u00e9my Toguo. Apr\u00e8s huit ans de silence, le Carr\u00e9 Sainte-Anne de Montpellier a rouvert ses portes le 27\u00a0mai avec l\u2019artiste JR. D\u00e9sacralis\u00e9e \u00e0 la fin des ann\u00e9es\u00a01980\u2026<\/p>\n","protected":false},"excerpt":{"rendered":"De 2010 \u00e0 2017, le lieu a accueilli, sous l\u2019impulsion de Numa Hambursin, aujourd\u2019hui directeur du MO.CO, des&hellip;\n","protected":false},"author":2,"featured_media":145444,"comment_status":"","ping_status":"","sticky":false,"template":"","format":"standard","meta":{"footnotes":""},"categories":[9599],"tags":[1111,11,1777,674,1011,27,2208,12,2680,13979,25],"class_list":{"0":"post-145443","1":"post","2":"type-post","3":"status-publish","4":"format-standard","5":"has-post-thumbnail","7":"category-montpellier","8":"tag-actu","9":"tag-actualites","10":"tag-eu","11":"tag-europe","12":"tag-fr","13":"tag-france","14":"tag-montpellier","15":"tag-news","16":"tag-occitanie","17":"tag-reouverture","18":"tag-republique-francaise"},"share_on_mastodon":{"url":"https:\/\/pubeurope.com\/@fr\/114611556465932444","error":""},"_links":{"self":[{"href":"https:\/\/www.europesays.com\/fr\/wp-json\/wp\/v2\/posts\/145443","targetHints":{"allow":["GET"]}}],"collection":[{"href":"https:\/\/www.europesays.com\/fr\/wp-json\/wp\/v2\/posts"}],"about":[{"href":"https:\/\/www.europesays.com\/fr\/wp-json\/wp\/v2\/types\/post"}],"author":[{"embeddable":true,"href":"https:\/\/www.europesays.com\/fr\/wp-json\/wp\/v2\/users\/2"}],"replies":[{"embeddable":true,"href":"https:\/\/www.europesays.com\/fr\/wp-json\/wp\/v2\/comments?post=145443"}],"version-history":[{"count":0,"href":"https:\/\/www.europesays.com\/fr\/wp-json\/wp\/v2\/posts\/145443\/revisions"}],"wp:featuredmedia":[{"embeddable":true,"href":"https:\/\/www.europesays.com\/fr\/wp-json\/wp\/v2\/media\/145444"}],"wp:attachment":[{"href":"https:\/\/www.europesays.com\/fr\/wp-json\/wp\/v2\/media?parent=145443"}],"wp:term":[{"taxonomy":"category","embeddable":true,"href":"https:\/\/www.europesays.com\/fr\/wp-json\/wp\/v2\/categories?post=145443"},{"taxonomy":"post_tag","embeddable":true,"href":"https:\/\/www.europesays.com\/fr\/wp-json\/wp\/v2\/tags?post=145443"}],"curies":[{"name":"wp","href":"https:\/\/api.w.org\/{rel}","templated":true}]}}