{"id":145452,"date":"2025-06-02T03:16:14","date_gmt":"2025-06-02T03:16:14","guid":{"rendered":"https:\/\/www.europesays.com\/fr\/145452\/"},"modified":"2025-06-02T03:16:14","modified_gmt":"2025-06-02T03:16:14","slug":"on-sait-quand-rouvrira-la-piscine-municipale-de-la-turbie","status":"publish","type":"post","link":"https:\/\/www.europesays.com\/fr\/145452\/","title":{"rendered":"On sait quand rouvrira la piscine municipale de la Turbie"},"content":{"rendered":"<p>Lors du dernier conseil municipal de La Turbie, le maire Jean-Jacques Raffaele a annonc\u00e9 la date de r\u00e9ouverture ainsi que les tarifs de la piscine communale pour la saison..<\/p>\n<p>Les plus impatients devront patienter jusqu\u2019au 5 juillet, date de r\u00e9ouverture de la piscine municipale de La Turbie, a annonc\u00e9 le maire lors du dernier conseil municipal. Les Turbiasques, et visiteurs ext\u00e9rieurs, pourront profiter de la piscine \u00ab\u00a0Princesse Charl\u00e8ne de Monaco\u00a0\u00bb jusqu\u2019au 31 ao\u00fbt inclus. Et ce, sur les m\u00eames horaires que l\u2019an pass\u00e9. \u00c0 savoir, de 10\u2005h\u200530 \u00e0 18\u2005h\u200530 du mardi au dimanche, le lundi \u00e9tant synonyme de fermeture hebdomadaire.<\/p>\n<p>Une augmentation de certains prix<\/p>\n<p>Si rien n\u2019a chang\u00e9 pour les modalit\u00e9s d\u2019ouverture, ce n\u2019est pas le cas c\u00f4t\u00e9 tarifs. Ces derniers ont augment\u00e9 pour l\u2019entr\u00e9e adulte, passant de sept \u00e0 huit euros. Augmentation \u00e9galement pour les tarifs enfants, handicap\u00e9s ou \u00e0 la demi-journ\u00e9e, passant eux de 3,5 \u00e0 4\u2005euros. Enfin, il faudra d\u00e9sormais d\u00e9bourser 16\u2005euros (contre 15 auparavant) pour s\u2019offrir un maillot de bain vendu sur place. Le reste des tarifs demeure inchang\u00e9.<\/p>\n","protected":false},"excerpt":{"rendered":"Lors du dernier conseil municipal de La Turbie, le maire Jean-Jacques Raffaele a annonc\u00e9 la date de r\u00e9ouverture&hellip;\n","protected":false},"author":2,"featured_media":145453,"comment_status":"","ping_status":"","sticky":false,"template":"","format":"standard","meta":{"footnotes":""},"categories":[2819],"tags":[1111,11,1777,674,1011,27,12,2401,882,25,3366],"class_list":{"0":"post-145452","1":"post","2":"type-post","3":"status-publish","4":"format-standard","5":"has-post-thumbnail","7":"category-nice","8":"tag-actu","9":"tag-actualites","10":"tag-eu","11":"tag-europe","12":"tag-fr","13":"tag-france","14":"tag-news","15":"tag-nice","16":"tag-provence-alpes-cote-dazur","17":"tag-republique-francaise","18":"tag-vie-locale"},"share_on_mastodon":{"url":"https:\/\/pubeurope.com\/@fr\/114611603635679141","error":""},"_links":{"self":[{"href":"https:\/\/www.europesays.com\/fr\/wp-json\/wp\/v2\/posts\/145452","targetHints":{"allow":["GET"]}}],"collection":[{"href":"https:\/\/www.europesays.com\/fr\/wp-json\/wp\/v2\/posts"}],"about":[{"href":"https:\/\/www.europesays.com\/fr\/wp-json\/wp\/v2\/types\/post"}],"author":[{"embeddable":true,"href":"https:\/\/www.europesays.com\/fr\/wp-json\/wp\/v2\/users\/2"}],"replies":[{"embeddable":true,"href":"https:\/\/www.europesays.com\/fr\/wp-json\/wp\/v2\/comments?post=145452"}],"version-history":[{"count":0,"href":"https:\/\/www.europesays.com\/fr\/wp-json\/wp\/v2\/posts\/145452\/revisions"}],"wp:featuredmedia":[{"embeddable":true,"href":"https:\/\/www.europesays.com\/fr\/wp-json\/wp\/v2\/media\/145453"}],"wp:attachment":[{"href":"https:\/\/www.europesays.com\/fr\/wp-json\/wp\/v2\/media?parent=145452"}],"wp:term":[{"taxonomy":"category","embeddable":true,"href":"https:\/\/www.europesays.com\/fr\/wp-json\/wp\/v2\/categories?post=145452"},{"taxonomy":"post_tag","embeddable":true,"href":"https:\/\/www.europesays.com\/fr\/wp-json\/wp\/v2\/tags?post=145452"}],"curies":[{"name":"wp","href":"https:\/\/api.w.org\/{rel}","templated":true}]}}