{"id":145454,"date":"2025-06-02T03:17:12","date_gmt":"2025-06-02T03:17:12","guid":{"rendered":"https:\/\/www.europesays.com\/fr\/145454\/"},"modified":"2025-06-02T03:17:12","modified_gmt":"2025-06-02T03:17:12","slug":"pont-de-lascension-embouteillages-en-loire-atlantique-notre-carte-de-la-circulation-en-direct","status":"publish","type":"post","link":"https:\/\/www.europesays.com\/fr\/145454\/","title":{"rendered":"Pont de l\u2019Ascension. Embouteillages en Loire-Atlantique\u00a0: notre carte de la circulation en direct"},"content":{"rendered":"<p>Dimanche class\u00e9 journ\u00e9e noire<\/p>\n<p>Dimanche 1er\u00a0juin, dans le sens des retours, la journ\u00e9e est class\u00e9e rouge au niveau national et m\u00eame noire dans le Grand-Ouest. Des encombrements tr\u00e8s importants sont pr\u00e9vus du milieu de la matin\u00e9e et jusque tard dans la soir\u00e9e. Les axes du quart Nord-Ouest devraient \u00eatre particuli\u00e8rement sollicit\u00e9s comme l\u2019A13, l\u2019A11, l\u2019A81 ou la RN165. Dans le Sud-Ouest, les autoroutes A10 et A63\u00a0devraient \u00e9galement \u00eatre charg\u00e9es. Enfin, au d\u00e9part de l\u2019arc m\u00e9diterran\u00e9en, les autoroutes A7, A9 et A61\u00a0seront particuli\u00e8rement fr\u00e9quent\u00e9es, tout comme le tunnel du Mont-Blanc en r\u00e9gion Auvergne-Rh\u00f4ne-Alpes.<\/p>\n<p><a href=\"https:\/\/www.bison-fute.gouv.fr\/maintenant.html\" target=\"_blank\" rel=\"nofollow noopener\">Bison fut\u00e9 signale un bouchon de 2\u00a0km \u00e0 hauteur du Bignon sur l\u2019A83 (vers 17h).<\/a><\/p>\n<p>Retrouvez ici la carte de la circulation en direct<\/p>\n<\/p>\n<p>Des difficult\u00e9s \u00e0 pr\u00e9voir d\u00e8s lundi 2\u00a0juin sur le p\u00e9riph\u00e9rique<\/p>\n<p>La direction interd\u00e9partementale des routes Ouest (DirO) r\u00e9nove la chauss\u00e9e sur la RN165, \u00e0 hauteur de Sautron. Ce chantier va passer dans sa deuxi\u00e8me phase \u00e0 partir du 2\u00a0juin jusqu\u2019au vendredi 27\u00a0juin 2025. \u00ab\u00a0Cela occasionnera des perturbations tr\u00e8s importantes sur la circulation, avec des remont\u00e9es de bouchons tr\u00e8s importantes le p\u00e9riph\u00e9rique ouest de Nantes\u00a0\u00bb, pr\u00e9vient la DirO.<a href=\"https:\/\/vannes.maville.com\/actu\/actudet_-travaux-pres-du-peripherique-de-nantes-pourquoi-la-circulation-va-autant-se-compliquer-_52710-6830270_actu.Htm\" target=\"_blank\" rel=\"nofollow noopener\"> Retrouvez notre article d\u00e9taill\u00e9, avec le plan des d\u00e9viations, ici.<\/a><\/p>\n<p>\u00a0<\/p>\n","protected":false},"excerpt":{"rendered":"Dimanche class\u00e9 journ\u00e9e noire Dimanche 1er\u00a0juin, dans le sens des retours, la journ\u00e9e est class\u00e9e rouge au niveau&hellip;\n","protected":false},"author":2,"featured_media":145455,"comment_status":"","ping_status":"","sticky":false,"template":"","format":"standard","meta":{"footnotes":""},"categories":[2818],"tags":[1111,11,25159,11617,3542,814,7063,1777,674,1011,27,3047,766,12,2636,5604,25],"class_list":{"0":"post-145454","1":"post","2":"type-post","3":"status-publish","4":"format-standard","5":"has-post-thumbnail","7":"category-nantes","8":"tag-actu","9":"tag-actualites","10":"tag-ascension","11":"tag-carte","12":"tag-circulation","13":"tag-direct","14":"tag-embouteillages","15":"tag-eu","16":"tag-europe","17":"tag-fr","18":"tag-france","19":"tag-loire-atlantique","20":"tag-nantes","21":"tag-news","22":"tag-pays-de-la-loire","23":"tag-pont","24":"tag-republique-francaise"},"share_on_mastodon":{"url":"https:\/\/pubeurope.com\/@fr\/114611607532280023","error":""},"_links":{"self":[{"href":"https:\/\/www.europesays.com\/fr\/wp-json\/wp\/v2\/posts\/145454","targetHints":{"allow":["GET"]}}],"collection":[{"href":"https:\/\/www.europesays.com\/fr\/wp-json\/wp\/v2\/posts"}],"about":[{"href":"https:\/\/www.europesays.com\/fr\/wp-json\/wp\/v2\/types\/post"}],"author":[{"embeddable":true,"href":"https:\/\/www.europesays.com\/fr\/wp-json\/wp\/v2\/users\/2"}],"replies":[{"embeddable":true,"href":"https:\/\/www.europesays.com\/fr\/wp-json\/wp\/v2\/comments?post=145454"}],"version-history":[{"count":0,"href":"https:\/\/www.europesays.com\/fr\/wp-json\/wp\/v2\/posts\/145454\/revisions"}],"wp:featuredmedia":[{"embeddable":true,"href":"https:\/\/www.europesays.com\/fr\/wp-json\/wp\/v2\/media\/145455"}],"wp:attachment":[{"href":"https:\/\/www.europesays.com\/fr\/wp-json\/wp\/v2\/media?parent=145454"}],"wp:term":[{"taxonomy":"category","embeddable":true,"href":"https:\/\/www.europesays.com\/fr\/wp-json\/wp\/v2\/categories?post=145454"},{"taxonomy":"post_tag","embeddable":true,"href":"https:\/\/www.europesays.com\/fr\/wp-json\/wp\/v2\/tags?post=145454"}],"curies":[{"name":"wp","href":"https:\/\/api.w.org\/{rel}","templated":true}]}}