{"id":145470,"date":"2025-06-02T03:28:17","date_gmt":"2025-06-02T03:28:17","guid":{"rendered":"https:\/\/www.europesays.com\/fr\/145470\/"},"modified":"2025-06-02T03:28:17","modified_gmt":"2025-06-02T03:28:17","slug":"avec-le-retour-de-ses-cadres-toulouse-balaye-sechement-lyon","status":"publish","type":"post","link":"https:\/\/www.europesays.com\/fr\/145470\/","title":{"rendered":"avec le retour de ses cadres, Toulouse balaye s\u00e8chement Lyon"},"content":{"rendered":"<p>Le leader toulousain a \u00e9cras\u00e9 le LOU (43-3), \u00e0 l\u2019occasion de la 25e journ\u00e9e du Top 14. Et envoy\u00e9 un message fort avant les phases finales.<\/p>\n<p class=\"fig-paragraph\">Leader incontest\u00e9 du Top 14, le Stade Toulousain s\u2019est largement impos\u00e9 ce dimanche face \u00e0 Lyon (43-3), \u00e0 l\u2019occasion de\u00a0<a href=\"https:\/\/www.lefigaro.fr\/sports\/rugby\/top-14\/calendrier-resultats?journee=25\" target=\"_blank\" rel=\"noopener\" data-gtm-custom-categorie=\"navigation\" data-gtm-custom-action=\"crossclick\" data-gtm-custom-label=\"Contextuel\" data-gtm-event=\"customEventSPE\">la 25e et avant-derni\u00e8re journ\u00e9e du Top 14<\/a>. Les Rouge et Noir, qui enregistraient le retour de leurs cadres, ont inscrit sept essais par Marchand, Ntamack, Chocobares, Flament, Ahki, Willis et Mallia. D\u00e9monstration de force. Toulouse, \u00e0 l\u2019occasion de ce match, a battu le record de points inscrits sur une saison de Top 14 (856), effa\u00e7ant des tablettes l\u2019ancien record de Clermont (830 points en 2020-2021).<\/p>\n<p class=\"fig-paragraph\">Le LOU, apr\u00e8s\u00a0<a href=\"http:\/\/www.lefigaro.fr\/sports\/rugby\/coupe-d-europe\/bath-lyon-le-lou-devore-russell-sacre-davidson-chahutee-les-coups-de-coeur-et-coups-de-griffe-de-notre-envoye-special-20250523\" data-fig-type=\"NewsFlash\" data-gtm-custom-categorie=\"navigation\" data-gtm-custom-action=\"crossclick\" data-gtm-custom-label=\"Contextuel\" data-gtm-event=\"customEventSPE\" data-fig-domain=\"LEFIGARO\" target=\"_blank\" rel=\"noopener\">sa d\u00e9faite en finale de la Challenge Cup contre Bath<\/a>, a encore subi un lourd revers, n\u2019inscrivant qu\u2019une p\u00e9nalit\u00e9. Toulouse conforte sa place de leader, alors que\u00a0<a href=\"http:\/\/www.lefigaro.fr\/sports\/rugby\/top-14\/top-14-pau-encore-en-course-le-racing-92-et-montpellier-elimines-les-enseignements-du-multiplex-20250531\" data-fig-type=\"NewsFlash\" data-gtm-custom-categorie=\"navigation\" data-gtm-custom-action=\"crossclick\" data-gtm-custom-label=\"Contextuel\" data-gtm-event=\"customEventSPE\" data-fig-domain=\"LEFIGARO\" target=\"_blank\" rel=\"noopener\">Lyon \u00e9tait d\u00e9j\u00e0 \u00e9limin\u00e9 de la course aux phases finales<\/a>\u00a0apr\u00e8s les r\u00e9sultats de samedi.<\/p>\n<p>Toulouse avait \u00e0 c\u0153ur de faire passer un message<\/p>\n<p class=\"fig-paragraph\">Sous les yeux de la vieille garde, titr\u00e9e en 1985 et invit\u00e9e pour c\u00e9l\u00e9brer les 40 ans de son sacre autour de grands noms comme Guy Nov\u00e8s ou Eric Bonneval, les Toulousains ont enfonc\u00e9 les Lyonnais. Une semaine apr\u00e8s avoir vu Bordeaux-B\u00e8gles triompher lors de celle de la Champions Cup, les Rouge et Noir avaient \u00e0 c\u0153ur de faire passer un message, alors qu\u2019ils d\u00e9fendront leur titre de champion de France lors des demi-finales \u00e0 Lyon le week-end du 20 juin.<\/p>\n<p class=\"fig-paragraph\">Avec le retour de Thomas Ramos \u00e0 l\u2019arri\u00e8re, qui a rat\u00e9 trois de ses sept coups de pied mais a apport\u00e9 son activit\u00e9 et sa pr\u00e9sence, ce match a permis \u00e0 Toulouse de retrouver la victoire, apr\u00e8s deux revers en trois rencontres en mai. Julien Marchand en puissance (14e), Romain Ntamack avec une jolie perc\u00e9e (17e) ou Chocobares \u00e0 la conclusion d\u2019un beau travail collectif (25e) ont ouvert la voie, avant que Flament n\u2019inscrive un quatri\u00e8me essai au retour des vestiaires. De quoi permettre aux Toulousains de battre d\u00e8s l\u2019avant-derni\u00e8re journ\u00e9e le record de points inscrits en une saison, jusque-l\u00e0 d\u00e9tenu par Clermont (830).<\/p>\n<p class=\"fig-paragraph\">Sur la pelouse de Perpignan, qui luttera pour son maintien, samedi prochain lors de la derni\u00e8re journ\u00e9e de la phase de classement, Toulouse b\u00e9n\u00e9ficiera d\u2019un nouveau test pour gommer les imperfections et l\u2019inefficacit\u00e9 entrevues \u00e0 Ernest-Wallon, malgr\u00e9 une belle solidit\u00e9 d\u00e9fensive et sept essais. Au rayon des mauvaises nouvelles, le staff toulousain peut d\u00e9plorer la sortie du centre Paul Costes (32e), touch\u00e9 \u00e0 la jambe droite et sorti en pleurs.\u00a0<\/p>\n","protected":false},"excerpt":{"rendered":"Le leader toulousain a \u00e9cras\u00e9 le LOU (43-3), \u00e0 l\u2019occasion de la 25e journ\u00e9e du Top 14. Et&hellip;\n","protected":false},"author":2,"featured_media":145471,"comment_status":"","ping_status":"","sticky":false,"template":"","format":"standard","meta":{"footnotes":""},"categories":[1889],"tags":[1111,11,2430,525,4590,1981,2313,814,1777,674,1011,27,9216,2428,955,12,4589,2311,25,1980,479,2259,476,478,2310,2312],"class_list":{"0":"post-145470","1":"post","2":"type-post","3":"status-publish","4":"format-standard","5":"has-post-thumbnail","7":"category-lyon","8":"tag-actu","9":"tag-actualites","10":"tag-auvergne-rhone-alpes","11":"tag-calendrier","12":"tag-championnat-france","13":"tag-classement","14":"tag-clermont","15":"tag-direct","16":"tag-eu","17":"tag-europe","18":"tag-fr","19":"tag-france","20":"tag-lou","21":"tag-lyon","22":"tag-match","23":"tag-news","24":"tag-phase-finale","25":"tag-racing","26":"tag-republique-francaise","27":"tag-resultats","28":"tag-rugby","29":"tag-score","30":"tag-stade-toulousain","31":"tag-top-14","32":"tag-toulon","33":"tag-toulouse"},"share_on_mastodon":{"url":"https:\/\/pubeurope.com\/@fr\/114611650741666060","error":""},"_links":{"self":[{"href":"https:\/\/www.europesays.com\/fr\/wp-json\/wp\/v2\/posts\/145470","targetHints":{"allow":["GET"]}}],"collection":[{"href":"https:\/\/www.europesays.com\/fr\/wp-json\/wp\/v2\/posts"}],"about":[{"href":"https:\/\/www.europesays.com\/fr\/wp-json\/wp\/v2\/types\/post"}],"author":[{"embeddable":true,"href":"https:\/\/www.europesays.com\/fr\/wp-json\/wp\/v2\/users\/2"}],"replies":[{"embeddable":true,"href":"https:\/\/www.europesays.com\/fr\/wp-json\/wp\/v2\/comments?post=145470"}],"version-history":[{"count":0,"href":"https:\/\/www.europesays.com\/fr\/wp-json\/wp\/v2\/posts\/145470\/revisions"}],"wp:featuredmedia":[{"embeddable":true,"href":"https:\/\/www.europesays.com\/fr\/wp-json\/wp\/v2\/media\/145471"}],"wp:attachment":[{"href":"https:\/\/www.europesays.com\/fr\/wp-json\/wp\/v2\/media?parent=145470"}],"wp:term":[{"taxonomy":"category","embeddable":true,"href":"https:\/\/www.europesays.com\/fr\/wp-json\/wp\/v2\/categories?post=145470"},{"taxonomy":"post_tag","embeddable":true,"href":"https:\/\/www.europesays.com\/fr\/wp-json\/wp\/v2\/tags?post=145470"}],"curies":[{"name":"wp","href":"https:\/\/api.w.org\/{rel}","templated":true}]}}