{"id":145480,"date":"2025-06-02T03:34:10","date_gmt":"2025-06-02T03:34:10","guid":{"rendered":"https:\/\/www.europesays.com\/fr\/145480\/"},"modified":"2025-06-02T03:34:10","modified_gmt":"2025-06-02T03:34:10","slug":"ici-cest-enfin-paris-le-psg-a-lelysee-un-passage-finalement-pas-si-guinde","status":"publish","type":"post","link":"https:\/\/www.europesays.com\/fr\/145480\/","title":{"rendered":"\u00ab\u00a0Ici, c\u2019est enfin Paris\u00a0\u00bb\u00a0: le PSG \u00e0 l\u2019\u00c9lys\u00e9e, un passage finalement pas si guind\u00e9"},"content":{"rendered":"<p class=\"paragraph text_align_left\">Il y a la partie officielle. Avec un discours qui s\u2019est d\u2019abord voulu ferme sur <a href=\"https:\/\/www.leparisien.fr\/paris-75\/les-collegues-crs-en-ont-bave-les-champs-elysees-se-reveillent-avec-la-gueule-de-bois-apres-la-victoire-du-psg-01-06-2025-MI7TNG2SBVBPXDKDEBRTCATIJQ.php\" target=\"_blank\" rel=\"noreferrer nofollow noopener\">les dramatiques d\u00e9bordements<\/a> survenus dans la liesse cons\u00e9cutive \u00e0 <a href=\"https:\/\/www.leparisien.fr\/sports\/football\/ligue-des-champions\/psg-inter-5-0-paris-tout-puissant-31-05-2025-DNPP4HBOWFG23OPCCCDDHQKRKU.php\" target=\"_blank\" rel=\"noreferrer nofollow noopener\">la victoire (5-0) du PSG face \u00e0 l\u2019Inter Milan<\/a> en finale de la <a href=\"https:\/\/www.leparisien.fr\/sports\/football\/ligue-des-champions\/\" target=\"_blank\" rel=\"noreferrer nofollow noopener\">Ligue des champions<\/a>, samedi soir. \u00ab La r\u00e9ponse de l\u2019\u00c9tat sera \u00e0 la hauteur et on poursuivra les auteurs de ces affrontements \u00bb, a lanc\u00e9, martial, <a href=\"https:\/\/www.leparisien.fr\/politique\/emmanuel-macron\/\" target=\"_blank\" rel=\"noreferrer nofollow noopener\">Emmanuel Macron<\/a> \u00e0 l\u2019entame de son discours de f\u00e9licitations aux Parisiens tenu en d\u00e9but de soir\u00e9e, ce dimanche 1er juin, \u00e0 l\u2019\u00c9lys\u00e9e. Puis l\u2019ambiance s\u2019est d\u00e9tendue, lorsque le pr\u00e9sident de la R\u00e9publique a laiss\u00e9 parler le fan de football qu\u2019il est.<\/p>\n<p class=\"paragraph text_align_left\">Mais il y a surtout eu ce moment intimiste, entre les joueurs du PSG et Emmanuel Macron, avant la c\u00e9r\u00e9monie chronom\u00e9tr\u00e9e et m\u00e9diatis\u00e9e. Petit interm\u00e8de de calme au milieu d\u2019<a href=\"https:\/\/www.leparisien.fr\/sports\/football\/ligue-des-champions\/direct-le-psg-champion-deurope-suivez-la-parade-sur-les-champs-elysees-et-la-fete-au-parc-des-princes-01-06-2025-TI65DTZNYJDLDM333TZXCLIQ6A.php\" target=\"_blank\" rel=\"noreferrer nofollow noopener\">une journ\u00e9e folle de communion<\/a> entre les dizaines de milliers de supporters et l\u2019\u00e9quipe championne d\u2019Europe, le passage \u00e0 l\u2019\u00c9lys\u00e9e n\u2019a pas finalement \u00e9t\u00e9 si guind\u00e9 que pr\u00e9vu.<\/p>\n<p>Poign\u00e9e de main \u00e0 Donnarumma qui \u00ab n\u2019a rien eu \u00e0 faire hier \u00bb<\/p>\n<p class=\"paragraph text_align_left\">Car dans un entretien dans l\u2019un des salons, Emmanuel Macron s\u2019est imm\u00e9diatement montr\u00e9 taquin. Envers lui-m\u00eame d\u2019abord, pour couper l\u2019herbe sous le pied des chambreurs du vestiaire parisien. Rappelant qu\u2019il est fan du <a href=\"https:\/\/www.leparisien.fr\/sports\/football\/ligue-des-champions\/a-marseille-une-nuit-tres-calme-apres-le-sacre-du-psg-on-ne-va-quand-meme-pas-feter-la-victoire-de-paris-01-06-2025-AGJGAP7UBVHJBJKYMRG256DEXI.php\" target=\"_blank\" rel=\"noreferrer nofollow noopener\">club rival, l\u2019Olympique de Marseille<\/a>, il a ensuite eu un mot particulier pour chacun des protagonistes du PSG.<\/p>\n<p class=\"title-embed-dailymotion lp-color-text lp-f-subtitle-04\">Vid\u00e9o\u00ab\u00a0Vous aviez faim, vous l&rsquo;avez fait \u00bb : Macron encense le PSG apr\u00e8s sa victoire<\/p>\n<p class=\"paragraph text_align_left\">\u00ab Je me rappelle bien tous les commentaires \u00e0 votre arriv\u00e9e et m\u00eame en d\u00e9but d\u2019ann\u00e9e \u00bb, a-t-il confi\u00e9 dans un clin d\u2019\u0153il \u00e0 l\u2019entra\u00eeneur <a href=\"https:\/\/www.leparisien.fr\/sports\/football\/ligue-des-champions\/luis-enrique-les-secrets-dun-homme-a-part-comment-le-chef-de-bande-a-conquis-le-vestiaire-du-psg-30-05-2025-BRSNDAEOO5E5NOH4RIOC22WOVU.php\" target=\"_blank\" rel=\"noreferrer nofollow noopener\">Luis Enrique<\/a>, critiqu\u00e9 il y a encore quelques mois. Avant de partager une poign\u00e9e de main virile avec le gardien Gianluigi Donnarumma, qui \u00ab n\u2019a rien eu \u00e0 faire hier \u00bb. Le chef de l\u2019\u00c9tat a ensuite donn\u00e9 une belle accolade \u00e0 l\u2019attaquant <a href=\"https:\/\/www.leparisien.fr\/sports\/football\/psg\/la-minute-tactique-de-psg-inter-ousmane-dembele-un-recital-au-service-du-collectif-01-06-2025-7KTJMVJ65NHI7HXBAUJXBSYPPA.php\" target=\"_blank\" rel=\"noreferrer nofollow noopener\">Ousmane Demb\u00e9l\u00e9<\/a>, qu\u2019il esp\u00e8re voir devenir <a href=\"https:\/\/www.leparisien.fr\/sports\/football\/ligue-des-champions\/le-psg-champion-deurope-ousmane-ballon-dor-marquinhos-profite-de-la-parade-pour-soutenir-dembele-01-06-2025-UK5MJ4AJCFFQBLUSU74AEBU3ZU.php\" target=\"_blank\" rel=\"noreferrer nofollow noopener\">\u00ab Ballon d\u2019or \u00bb<\/a>.<\/p>\n<p class=\"paragraph text_align_left\">Pendant ce temps, dans la salle des f\u00eates de 600 m2 aux plafonds couverts de dorures, les membres du staff patientaient avec les invit\u00e9s de l\u2019\u00c9lys\u00e9e. Tous formaient une haie d\u2019honneur, avec<a href=\"https:\/\/www.leparisien.fr\/politique\/rachida-dati-le-psg-cest-le-parc-des-princes-et-le-parc-des-princes-cest-le-psg-01-06-2025-STHDZX3C3BAP3MEHTPPJZ5W3LI.php\" target=\"_blank\" rel=\"noreferrer nofollow noopener\"> Rachida Dati<\/a>, Val\u00e9rie P\u00e9cresse, mais aussi les anciens Parisiens Javier Pastore, Ludovic Giuly, Christophe Jallet, Yohan Cabaye ou quelques sportifs et stars du show-business comme G\u00e9rard Darmon, Teddy Riner, Richard Gasquet\u2026<\/p>\n<p><img decoding=\"async\" class=\"image \" loading=\"lazy\" src=\"https:\/\/www.europesays.com\/fr\/wp-content\/uploads\/2025\/06\/KY7RZZUUZVDN5PRGOF2WYZZWA4.jpg\" alt=\"Les joueurs sont entr\u00e9s par la cour de l'Elys\u00e9e. LP\/Delphine Goldsztejn\" align=\"\" data-rubrique-principale=\"\" data-article-type=\"\" fetchpriority=\"auto\"\/>Les joueurs sont entr\u00e9s par la cour de l&rsquo;Elys\u00e9e. LP\/Delphine Goldsztejn<\/p>\n<p class=\"paragraph text_align_left\">Au milieu de cette assembl\u00e9e, une supportrice de poids, elle aussi directement revenue de Munich (Allemagne), o\u00f9 se d\u00e9roulait la finale : \u00ab Je suis tr\u00e8s fi\u00e8re de cette \u00e9quipe. C\u2019\u00e9tait une soir\u00e9e merveilleuse pour toute la France \u00bb, confie la ministre des Sports, Marie Barsacq, dans un immense sourire.<\/p>\n<p>\u00ab Ils ont des \u00e9toiles dans les yeux pour la vie \u00bb<\/p>\n<p class=\"paragraph text_align_left\">Et puis, enfin, les \u00ab stars \u00bb, dont les Portugais ma\u00eetres du milieu de terrain, Vitinha et Neves, en t\u00eate, sont arriv\u00e9es dans une ovation g\u00e9n\u00e9rale et en tapant dans les mains de toute l\u2019assembl\u00e9e. Marquinhos, le capitaine, qui n\u2019a que tr\u00e8s rarement l\u00e2ch\u00e9 la coupe, est entr\u00e9 en dernier, permettant \u00e0 chacun d\u2019effleurer ce troph\u00e9e tant convoit\u00e9, avant de rejoindre ses comp\u00e8res sur l\u2019estrade pr\u00e9sidentielle.<\/p>\n<p><img decoding=\"async\" class=\"image \" loading=\"lazy\" src=\"https:\/\/www.europesays.com\/fr\/wp-content\/uploads\/2025\/06\/PHJJY6XPWNHNRBCS3H4WXG3B6A.jpg\" alt=\"Marquinhos, se pr\u00eatant aux jeux des photos. LP\/Delphine Goldsztejn\" align=\"\" data-rubrique-principale=\"\" data-article-type=\"\" fetchpriority=\"auto\"\/>Marquinhos, se pr\u00eatant aux jeux des photos. LP\/Delphine Goldsztejn<\/p>\n<p class=\"paragraph text_align_left\">\u00ab Ici, c\u2019est enfin Paris \u00bb, a lanc\u00e9 le pr\u00e9sident en r\u00e9f\u00e9rence au slogan des supporters parisiens, se r\u00e9jouissant que \u00ab la France enti\u00e8re a vibr\u00e9 derri\u00e8re Paris, cette \u00e9quipe soud\u00e9e, solidaire et g\u00e9n\u00e9reuse \u00bb dans l\u2019effort.<\/p>\n<p class=\"paragraph text_align_left\">Le temps d\u2019une derni\u00e8re photo, et les Parisiens ont fil\u00e9 sans trop s\u2019attarder par la cour o\u00f9 patientaient les journalistes. Mais ils sont, en revanche, ressortis du bus quand deux enfants d\u2019un employ\u00e9 de l\u2019\u00c9lys\u00e9e leur ont fait des signes dans la rue.<\/p>\n<p class=\"paragraph text_align_left\">\u00ab On a eu les autographes de D\u00e9sir\u00e9 Dou\u00e9 et Ousmane Demb\u00e9l\u00e9 \u00bb, savourent Lenny et Lucas. \u00ab Ils ont des \u00e9toiles dans les yeux pour la vie \u00bb, glisse leur papa, qui avait peur qu\u2019ils soient d\u00e9\u00e7us \u00e0 attendre \u00e0 l\u2019\u00e9cart de la liesse populaire. \u00ab Luis Enrique est venu vers nous pour une photo et on a m\u00eame pu toucher la coupe \u00bb, lancent les deux enfants, au paradis comme tous les supporters du PSG depuis samedi soir.<\/p>\n","protected":false},"excerpt":{"rendered":"Il y a la partie officielle. Avec un discours qui s\u2019est d\u2019abord voulu ferme sur les dramatiques d\u00e9bordements&hellip;\n","protected":false},"author":2,"featured_media":145481,"comment_status":"","ping_status":"","sticky":false,"template":"","format":"standard","meta":{"footnotes":""},"categories":[1888],"tags":[11,1777,674,1011,27,1944,12,626,25,2955],"class_list":{"0":"post-145480","1":"post","2":"type-post","3":"status-publish","4":"format-standard","5":"has-post-thumbnail","7":"category-paris","8":"tag-actualites","9":"tag-eu","10":"tag-europe","11":"tag-fr","12":"tag-france","13":"tag-ma-ville","14":"tag-news","15":"tag-paris","16":"tag-republique-francaise","17":"tag-videos"},"share_on_mastodon":{"url":"https:\/\/pubeurope.com\/@fr\/114611674409099537","error":""},"_links":{"self":[{"href":"https:\/\/www.europesays.com\/fr\/wp-json\/wp\/v2\/posts\/145480","targetHints":{"allow":["GET"]}}],"collection":[{"href":"https:\/\/www.europesays.com\/fr\/wp-json\/wp\/v2\/posts"}],"about":[{"href":"https:\/\/www.europesays.com\/fr\/wp-json\/wp\/v2\/types\/post"}],"author":[{"embeddable":true,"href":"https:\/\/www.europesays.com\/fr\/wp-json\/wp\/v2\/users\/2"}],"replies":[{"embeddable":true,"href":"https:\/\/www.europesays.com\/fr\/wp-json\/wp\/v2\/comments?post=145480"}],"version-history":[{"count":0,"href":"https:\/\/www.europesays.com\/fr\/wp-json\/wp\/v2\/posts\/145480\/revisions"}],"wp:featuredmedia":[{"embeddable":true,"href":"https:\/\/www.europesays.com\/fr\/wp-json\/wp\/v2\/media\/145481"}],"wp:attachment":[{"href":"https:\/\/www.europesays.com\/fr\/wp-json\/wp\/v2\/media?parent=145480"}],"wp:term":[{"taxonomy":"category","embeddable":true,"href":"https:\/\/www.europesays.com\/fr\/wp-json\/wp\/v2\/categories?post=145480"},{"taxonomy":"post_tag","embeddable":true,"href":"https:\/\/www.europesays.com\/fr\/wp-json\/wp\/v2\/tags?post=145480"}],"curies":[{"name":"wp","href":"https:\/\/api.w.org\/{rel}","templated":true}]}}