{"id":145492,"date":"2025-06-02T03:42:08","date_gmt":"2025-06-02T03:42:08","guid":{"rendered":"https:\/\/www.europesays.com\/fr\/145492\/"},"modified":"2025-06-02T03:42:08","modified_gmt":"2025-06-02T03:42:08","slug":"kaja-kallas-un-espoir-europeen-qui-seteint","status":"publish","type":"post","link":"https:\/\/www.europesays.com\/fr\/145492\/","title":{"rendered":"Kaja Kallas, un espoir europ\u00e9en qui s\u2019\u00e9teint"},"content":{"rendered":"\n<p>Peut-\u00eatre que le pr\u00e9sident [lituanien], Gitanas Nauseda, avait raison quand il s\u2019est obstin\u00e9 \u00e0 ne pas nommer l\u2019ancien ministre des Affaires \u00e9trang\u00e8res Gabrielius Landsbergis \u00e0 la Commission europ\u00e9enne \u2013 une d\u00e9cision \u00e9videmment plus personnelle que fond\u00e9e sur des arguments objectifs. Mais comme l\u2019a affirm\u00e9 un fonctionnaire europ\u00e9en en priv\u00e9, ce qui se passe actuellement avec la cheffe de la diplomatie europ\u00e9enne, Kaja Kallas, se serait tr\u00e8s certainement produit avec Gabrielius Landsbergis. La d\u00e9ception, apr\u00e8s de nombreux espoirs et ambitions.<\/p>\n<p>Tout comme Landsbergis, l\u2019ancienne Premi\u00e8re ministre estonienne \u00e9tait la pr\u00e9f\u00e9r\u00e9e du cercle m\u00e9diatique de Bruxelles. Ils se sont tous deux distingu\u00e9s dans la grise et tr\u00e8s diplomatique capitale europ\u00e9enne par leurs affirmations tranch\u00e9es, sans tourner sept fois leur langue dans la bouche, et paraissaient abordables et sinc\u00e8res.<\/p>\n<p>Les diplomates de notre r\u00e9gion se sont r\u00e9jouis de la nomination de Kaja Kallas au poste de haute repr\u00e9sentante de l\u2019Union europ\u00e9enne (UE) pour les affaires \u00e9trang\u00e8res et la politique de s\u00e9curit\u00e9. On pensait que l\u2019ex-Premi\u00e8re ministre estonienne apporterait un vent frais, des solutions, et renforcerait la diplomatie de l\u2019UE. Cela nous r\u00e9jouissait qu\u2019elle soit originaire de notre r\u00e9gion et comprenne nos probl\u00e8mes ainsi que la menace russe.<\/p>\n<p> Une rh\u00e9torique tranchante <\/p>\n<p>D\u00e8s son entr\u00e9e en fonctions comme haute repr\u00e9sentante, Kaja\u00a0Kallas a vivement d\u00e9nonc\u00e9 l\u2019attitude prorusse du <a href=\"https:\/\/www.courrierinternational.com\/article\/analyse-la-georgie-un-pays-en-ebullition_225405\" data-type=\"huit-affiliate\" rel=\"nofollow noopener\" target=\"_blank\">pouvoir g\u00e9orgien<\/a> et menac\u00e9 de sanctions. Elle a \u00e9galement d\u00e9clar\u00e9 que \u201cl\u2019UE souhaitait que l\u2019Ukraine gagne la guerre\u201d, n\u2019affirmant plus, comme on le disait diplomatiquement \u00e0 Bruxelles, que l\u2019UE soutiendrait l\u2019Ukraine autant qu\u2019il le<\/p>\n","protected":false},"excerpt":{"rendered":"Peut-\u00eatre que le pr\u00e9sident [lituanien], Gitanas Nauseda, avait raison quand il s\u2019est obstin\u00e9 \u00e0 ne pas nommer l\u2019ancien&hellip;\n","protected":false},"author":2,"featured_media":145493,"comment_status":"","ping_status":"","sticky":false,"template":"","format":"standard","meta":{"footnotes":""},"categories":[1586],"tags":[11,7663,1909,1777,674,1779,1011,27,1892,12,25,1778,364,2475],"class_list":{"0":"post-145492","1":"post","2":"type-post","3":"status-publish","4":"format-standard","5":"has-post-thumbnail","7":"category-europe","8":"tag-actualites","9":"tag-commission-europu00e9enne","10":"tag-estonie","11":"tag-eu","12":"tag-europe","13":"tag-european-union","14":"tag-fr","15":"tag-france","16":"tag-gu00e9opolitique","17":"tag-news","18":"tag-republique-francaise","19":"tag-ue","20":"tag-union-europeenne","21":"tag-union-europu00e9enne"},"share_on_mastodon":{"url":"https:\/\/pubeurope.com\/@fr\/114611705838034148","error":""},"_links":{"self":[{"href":"https:\/\/www.europesays.com\/fr\/wp-json\/wp\/v2\/posts\/145492","targetHints":{"allow":["GET"]}}],"collection":[{"href":"https:\/\/www.europesays.com\/fr\/wp-json\/wp\/v2\/posts"}],"about":[{"href":"https:\/\/www.europesays.com\/fr\/wp-json\/wp\/v2\/types\/post"}],"author":[{"embeddable":true,"href":"https:\/\/www.europesays.com\/fr\/wp-json\/wp\/v2\/users\/2"}],"replies":[{"embeddable":true,"href":"https:\/\/www.europesays.com\/fr\/wp-json\/wp\/v2\/comments?post=145492"}],"version-history":[{"count":0,"href":"https:\/\/www.europesays.com\/fr\/wp-json\/wp\/v2\/posts\/145492\/revisions"}],"wp:featuredmedia":[{"embeddable":true,"href":"https:\/\/www.europesays.com\/fr\/wp-json\/wp\/v2\/media\/145493"}],"wp:attachment":[{"href":"https:\/\/www.europesays.com\/fr\/wp-json\/wp\/v2\/media?parent=145492"}],"wp:term":[{"taxonomy":"category","embeddable":true,"href":"https:\/\/www.europesays.com\/fr\/wp-json\/wp\/v2\/categories?post=145492"},{"taxonomy":"post_tag","embeddable":true,"href":"https:\/\/www.europesays.com\/fr\/wp-json\/wp\/v2\/tags?post=145492"}],"curies":[{"name":"wp","href":"https:\/\/api.w.org\/{rel}","templated":true}]}}