{"id":145500,"date":"2025-06-02T03:48:14","date_gmt":"2025-06-02T03:48:14","guid":{"rendered":"https:\/\/www.europesays.com\/fr\/145500\/"},"modified":"2025-06-02T03:48:14","modified_gmt":"2025-06-02T03:48:14","slug":"le-gros-defi-des-espoirs-de-provence-opposes-a-mont-de-marsan-en-demi-finale","status":"publish","type":"post","link":"https:\/\/www.europesays.com\/fr\/145500\/","title":{"rendered":"le gros d\u00e9fi des espoirs de Provence oppos\u00e9s \u00e0 Mont-de-Marsan en demi-finale"},"content":{"rendered":"<p>Il y a deux ans, d\u00e9j\u00e0, les Espoirs de Provence Rugby avaient v\u00e9cu dans la douleur une finale en phase finale d&rsquo;accession. Un souvenir douloureux pour les Proven\u00e7aux qui avaient \u00e9chou\u00e9\u00a0face \u00e0 Pau (26-23) apr\u00e8s un essai assassin dans les derni\u00e8res secondes. David Fortun\u00e9, le coach aixois, devrait sans aucun doute rappeler \u00e0 ses minots ce souvenir difficile pour ne pas conna\u00eetre le m\u00eame sort.<\/p>\n<p>Parce que les Espoirs de Provence Rugby sont \u00e0 une marche de se hisser en finale du Challenge de France. Ils devront passer l&rsquo;\u00e9tape du Stade Montois, aujourd&rsquo;hui en demie, au stade Municipal de Villeneuve-la-Comptal, pr\u00e8s de Castelnaudary. Un moindre mal pour cette formation qui a rat\u00e9 l&rsquo;objectif affich\u00e9 en d\u00e9but de saison de retrouver la poule Elite.<\/p>\n<p>Aix n&rsquo;a pas pu passer le cap de la premi\u00e8re phase malgr\u00e9 un parcours\u00a0impressionnant avec 7 victoires, 1 nul pour 2 d\u00e9faites. Provence Rugby a rat\u00e9 la qualification d&rsquo;un petit point. Revers\u00e9s en Challenge de France, les Proven\u00e7aux ont tout \u00e9cras\u00e9 sur leur passage (6 succ\u00e8s en 6 matches) avec un quart de finale largement ma\u00eetris\u00e9 contre Nevers (30-3). Reste\u00a0\u00e0 terminer le travail cette saison pour confirmer que la formation aixoise fonctionne \u00e0 merveille, avant la demi-finale aussi des cadets Alamercery la semaine prochaine.<\/p>\n<p>Provence Rugby Stade Montois<\/p>\n<p>\u00c0 16h30, stade Municipal de Villeneuve-la-Comptal.<\/p>\n<p>Demi-finale.<\/p>\n<p>Arbitre : M. Matthieu Flores.<\/p>\n<p>Provence Rugby : 15. Hernandez &#8211; 14. Leblay, 13. Ibanez, 12. Tuima, 11. Magimel &#8211; 10. Rocard, 9. Usclat &#8211; 7. Botha, 8. Laurent, 6. Contigliani &#8211; 5. Cordukes, 4. Rumble &#8211; 3. Suve, 2. Mollet, 1. Gvelesiani. Rempla\u00e7ants : 16. Lesage, 17. Lendres, 18. Keleztky, 19. Busconi, 20. Mazeres, 21. Noble, 22. Ceccarelli, 23. Kotula.<\/p>\n","protected":false},"excerpt":{"rendered":"Il y a deux ans, d\u00e9j\u00e0, les Espoirs de Provence Rugby avaient v\u00e9cu dans la douleur une finale&hellip;\n","protected":false},"author":2,"featured_media":145501,"comment_status":"","ping_status":"","sticky":false,"template":"","format":"standard","meta":{"footnotes":""},"categories":[1416],"tags":[17,3750,154,10940,1011,27,5239,27443,1186,479,1468,60],"class_list":{"0":"post-145500","1":"post","2":"type-post","3":"status-publish","4":"format-standard","5":"has-post-thumbnail","7":"category-rugby","8":"tag-17","9":"tag-defi","10":"tag-des","11":"tag-espoirs","12":"tag-fr","13":"tag-france","14":"tag-gros","15":"tag-opposes","16":"tag-provence","17":"tag-rugby","18":"tag-rugby-football","19":"tag-sports"},"share_on_mastodon":{"url":"https:\/\/pubeurope.com\/@fr\/114611729477321693","error":""},"_links":{"self":[{"href":"https:\/\/www.europesays.com\/fr\/wp-json\/wp\/v2\/posts\/145500","targetHints":{"allow":["GET"]}}],"collection":[{"href":"https:\/\/www.europesays.com\/fr\/wp-json\/wp\/v2\/posts"}],"about":[{"href":"https:\/\/www.europesays.com\/fr\/wp-json\/wp\/v2\/types\/post"}],"author":[{"embeddable":true,"href":"https:\/\/www.europesays.com\/fr\/wp-json\/wp\/v2\/users\/2"}],"replies":[{"embeddable":true,"href":"https:\/\/www.europesays.com\/fr\/wp-json\/wp\/v2\/comments?post=145500"}],"version-history":[{"count":0,"href":"https:\/\/www.europesays.com\/fr\/wp-json\/wp\/v2\/posts\/145500\/revisions"}],"wp:featuredmedia":[{"embeddable":true,"href":"https:\/\/www.europesays.com\/fr\/wp-json\/wp\/v2\/media\/145501"}],"wp:attachment":[{"href":"https:\/\/www.europesays.com\/fr\/wp-json\/wp\/v2\/media?parent=145500"}],"wp:term":[{"taxonomy":"category","embeddable":true,"href":"https:\/\/www.europesays.com\/fr\/wp-json\/wp\/v2\/categories?post=145500"},{"taxonomy":"post_tag","embeddable":true,"href":"https:\/\/www.europesays.com\/fr\/wp-json\/wp\/v2\/tags?post=145500"}],"curies":[{"name":"wp","href":"https:\/\/api.w.org\/{rel}","templated":true}]}}