{"id":145502,"date":"2025-06-02T03:49:09","date_gmt":"2025-06-02T03:49:09","guid":{"rendered":"https:\/\/www.europesays.com\/fr\/145502\/"},"modified":"2025-06-02T03:49:09","modified_gmt":"2025-06-02T03:49:09","slug":"roland-garros-musetti-apres-son-match-contre-rune-hier-soir-jai-reve-de-ca","status":"publish","type":"post","link":"https:\/\/www.europesays.com\/fr\/145502\/","title":{"rendered":"Roland Garros > Musetti, apr\u00e8s son match contre Rune : \u00ab\u00a0Hier soir, j&rsquo;ai r\u00eav\u00e9 de \u00e7a\u00a0\u00bb"},"content":{"rendered":"<p>Dans l\u2019un des chocs des huiti\u00e8mes de finale \u00e0 Roland\u2010Garros, programm\u00e9 en session de nuit ce dimanche, Lorenzo Musetti (7e mondial) s\u2019est montr\u00e9 beau\u00adcoup plus solide qu\u2019Holger Rune (10e mondial), qu\u2019il a logi\u00adque\u00adment domin\u00e9 en quatre sets et 3h21 de jeu\u00a0: 7\u20135, 3\u20136, 6\u20133, 6\u20132. <\/p>\n<p>Lors de l\u2019in\u00adter\u00adview sur le court apr\u00e8s sa victoire, l\u2019Italien, s\u2019est dit extr\u00ea\u00adme\u00adment satis\u00adfait de son niveau de jeu\u00a0: <strong>\u00ab\u202fC\u2019est incroyable, hier soir j\u2019ai r\u00eav\u00e9 de jouer comme \u00e7a, d\u2019\u00e9lever le niveau parce que Holger est un joueur fantas\u00adtique, tr\u00e8s solide et qui n\u2019aban\u00addonne jamais. J\u2019ai vrai\u00adment d\u00fb placer la barre plus haut, je suis tr\u00e8s fier de\u00a0moi.\u202f\u00bb<\/strong><\/p>\n<blockquote class=\"twitter-tweet\">\n<p lang=\"en\" dir=\"ltr\">WHAT A MATCH \ud83d\udca5\ud83d\udc4f<\/p>\n<p>Lorenzo Musetti beats Holger Rune in a thril\u00adling battle, to set up a quarter\u2010final with Frances Tiafoe \ud83d\udcaa<a href=\"https:\/\/twitter.com\/hashtag\/RolandGarros?src=hash&amp;ref_src=twsrc%5Etfw\" data-wpel-link=\"external\" target=\"_blank\" rel=\"nofollow external noopener\">#RolandGarros<\/a> <a href=\"https:\/\/twitter.com\/hashtag\/Tennis?src=hash&amp;ref_src=twsrc%5Etfw\" data-wpel-link=\"external\" target=\"_blank\" rel=\"nofollow external noopener\">#Tennis<\/a> <a href=\"https:\/\/twitter.com\/hashtag\/RG25?src=hash&amp;ref_src=twsrc%5Etfw\" data-wpel-link=\"external\" target=\"_blank\" rel=\"nofollow external noopener\">#RG25<\/a> <a href=\"https:\/\/t.co\/zSULbO5tRm\" data-wpel-link=\"external\" target=\"_blank\" rel=\"nofollow external noopener\">pic.twitter.com\/zSULbO5tRm<\/a><\/p>\n<p>\u2014 TNT Sports (@tntsports) <a href=\"https:\/\/twitter.com\/tntsports\/status\/1929301274488369338?ref_src=twsrc%5Etfw\" data-wpel-link=\"external\" target=\"_blank\" rel=\"nofollow external noopener\">June 1,\u00a02025<\/a><\/p><\/blockquote>\n<p>Pour une place dans le dernier carr\u00e9, o\u00f9 il pour\u00adrait poten\u00adtiel\u00adle\u00adment retrouver Carlos Alcaraz, Musetti affron\u00adtera Frances Tiafoe.\u00a0<\/p>\n<p class=\"post-published-date\" style=\"color: silver; font-size: 75%; text-align: left;\">Publi\u00e9 le lundi 2 juin 2025 \u00e0 00:28<\/p>\n<p><script async src=\"https:\/\/platform.twitter.com\/widgets.js\" charset=\"utf-8\"><\/script><\/p>\n","protected":false},"excerpt":{"rendered":"Dans l\u2019un des chocs des huiti\u00e8mes de finale \u00e0 Roland\u2010Garros, programm\u00e9 en session de nuit ce dimanche, Lorenzo&hellip;\n","protected":false},"author":2,"featured_media":145503,"comment_status":"","ping_status":"","sticky":false,"template":"","format":"standard","meta":{"footnotes":""},"categories":[1415],"tags":[1744,1011,27,60,1467],"class_list":{"0":"post-145502","1":"post","2":"type-post","3":"status-publish","4":"format-standard","5":"has-post-thumbnail","7":"category-tennis","8":"tag-alcaraz","9":"tag-fr","10":"tag-france","11":"tag-sports","12":"tag-tennis"},"share_on_mastodon":{"url":"https:\/\/pubeurope.com\/@fr\/114611733325116901","error":""},"_links":{"self":[{"href":"https:\/\/www.europesays.com\/fr\/wp-json\/wp\/v2\/posts\/145502","targetHints":{"allow":["GET"]}}],"collection":[{"href":"https:\/\/www.europesays.com\/fr\/wp-json\/wp\/v2\/posts"}],"about":[{"href":"https:\/\/www.europesays.com\/fr\/wp-json\/wp\/v2\/types\/post"}],"author":[{"embeddable":true,"href":"https:\/\/www.europesays.com\/fr\/wp-json\/wp\/v2\/users\/2"}],"replies":[{"embeddable":true,"href":"https:\/\/www.europesays.com\/fr\/wp-json\/wp\/v2\/comments?post=145502"}],"version-history":[{"count":0,"href":"https:\/\/www.europesays.com\/fr\/wp-json\/wp\/v2\/posts\/145502\/revisions"}],"wp:featuredmedia":[{"embeddable":true,"href":"https:\/\/www.europesays.com\/fr\/wp-json\/wp\/v2\/media\/145503"}],"wp:attachment":[{"href":"https:\/\/www.europesays.com\/fr\/wp-json\/wp\/v2\/media?parent=145502"}],"wp:term":[{"taxonomy":"category","embeddable":true,"href":"https:\/\/www.europesays.com\/fr\/wp-json\/wp\/v2\/categories?post=145502"},{"taxonomy":"post_tag","embeddable":true,"href":"https:\/\/www.europesays.com\/fr\/wp-json\/wp\/v2\/tags?post=145502"}],"curies":[{"name":"wp","href":"https:\/\/api.w.org\/{rel}","templated":true}]}}