{"id":145512,"date":"2025-06-02T03:55:09","date_gmt":"2025-06-02T03:55:09","guid":{"rendered":"https:\/\/www.europesays.com\/fr\/145512\/"},"modified":"2025-06-02T03:55:09","modified_gmt":"2025-06-02T03:55:09","slug":"bernard-et-dominique-tapie-leur-splendide-hotel-particulier-mis-en-vente-pour-eponger-les-dettes","status":"publish","type":"post","link":"https:\/\/www.europesays.com\/fr\/145512\/","title":{"rendered":"Bernard et Dominique Tapie : leur splendide h\u00f4tel particulier mis en vente pour \u00e9ponger les dettes"},"content":{"rendered":"<p class=\"p1\">Leur splendide h\u00f4tel particulier sera bient\u00f4t mis en<br \/>\nvente. Depuis la mort de son mari, Bernard Tapie, en 2021, <a href=\"https:\/\/www.closermag.fr\/people\/bernard-tapie-qui-est-sa-femme-dominique-1052389#item=1\" target=\"_blank\" rel=\"noopener\"><br \/>\nDominique Tapie<\/a> <strong>croule sous les dettes<\/strong>. En<br \/>\neffet, au mois de d\u00e9cembre, la veuve de l\u2019ancien propri\u00e9taire de<br \/>\nl\u2019OM s\u2019\u00e9tait confi\u00e9e sur sa situation \u201cpr\u00e9caire\u201d.<\/p>\n<p class=\"p1\">Invit\u00e9e dans l&rsquo;\u00e9mission Chez Jordan sur C8, Dominique<br \/>\nTapie avait r\u00e9v\u00e9l\u00e9 : \u201cJ\u2019ai une dette de plus de 650 millions<br \/>\nd\u2019euros. Je ne compte m\u00eame plus. C\u2019est tellement pharaonique,<br \/>\nirr\u00e9el\u201d. Une <strong>dette incroyablement \u00e9lev\u00e9e<\/strong>, qui<br \/>\na contraint la justice \u00e0 saisir l\u2019un des biens les plus pr\u00e9cieux du<br \/>\ncouple.<\/p>\n<p>L\u2019h\u00f4tel particulier de Bernard et Dominique Tapie<br \/>\nest en vente<\/p>\n<p class=\"p1\">Selon les informations du <a href=\"https:\/\/www.leparisien.fr\/immobilier\/9-millions-cest-enorme-mais-la-vente-aux-encheres-de-lhotel-particulier-des-tapie-fait-jaser-a-neuilly-01-06-2025-N3X6TLR2DVG55LOXHY7BHZ3EGY.php\" target=\"_blank\" rel=\"nofollow noopener\">Parisien<\/a>,<br \/>\n<strong>un h\u00f4tel particulier<\/strong> du couple Tapie va \u00eatre<br \/>\n<a href=\"https:\/\/www.closermag.fr\/politique\/dominique-tapie-le-montant-derisoire-de-sa-retraite-devoile-3414063\" target=\"_blank\" rel=\"noopener\"><br \/>\nvendu aux ench\u00e8res<\/a> le jeudi 26 juin. Ce bien d\u2019exception, situ\u00e9<br \/>\ndans le quartier Saint-James de <strong>Neuilly-sur-Seine<\/strong>,<br \/>\navait \u00e9t\u00e9 achet\u00e9 par Bernard et Dominique Tapie pour un peu plus de<br \/>\n15 millions d\u2019euros en 2012. Il sera mis en vente au prix de 9<br \/>\nmillions d\u2019euros.<\/p>\n<p class=\"p1\">Au total, l\u2019h\u00f4tel particulier s\u2019\u00e9tend sur <strong>524<br \/>\nm\u00b2 habitables<\/strong>. Il se compose de \u201ctrois niveaux avec<br \/>\nsous-sol am\u00e9nag\u00e9\u201d et de neuf pi\u00e8ces. La propri\u00e9t\u00e9 comporte<br \/>\n\u00e9galement une \u201cmaison d\u2019invit\u00e9s avec salle de sport\u201d, une<br \/>\n\u201cmaison de gardien\u201d et un <strong>grand parc<br \/>\narbor\u00e9<\/strong>. De quoi faire r\u00eaver les futurs acheteurs qui<br \/>\npourront le visiter entre le lundi 16 et le lundi 23 juin<br \/>\nprochains.<\/p>\n<blockquote class=\"twitter-tweet\"><p><a class=\"twitter-link\" rel=\"noindex, nofollow noopener\" href=\"https:\/\/twitter.com\/leparisien_eco\/status\/1929135384744640827\" target=\"_blank\"><\/p><\/blockquote>\n<p>Les nouveaux propri\u00e9taires vont<br \/>\ndevoir faire des travaux<\/p>\n<p class=\"p1\">Selon le commissaire de justice, l\u2019h\u00f4tel particulier<br \/>\ndes <a href=\"https:\/\/www.telestar.fr\/actu_tv\/exclu-les-traitres-le-fils-de-sophie-tapie-rapatrie-en-plein-tournage-ce-quil-sest-vraiment-passe-1716051\" target=\"_blank\" rel=\"noopener\">parents de Sophie Tapie<\/a><br \/>\nb\u00e9n\u00e9ficie d\u2019une \u201ctr\u00e8s bonne situation dans un quartier chic et<br \/>\nrecherch\u00e9\u201d. Les futurs propri\u00e9taires pourront d\u2019ailleurs<br \/>\n<strong>vivre en toute discr\u00e9tion<\/strong> aux c\u00f4t\u00e9s des plus<br \/>\ngrosses fortunes fran\u00e7aises, aussi pr\u00e9sentes dans le quartier.<\/p>\n<p class=\"p1\">Seul b\u00e9mol, <strong>des travaux<\/strong> sont \u00e0<br \/>\npr\u00e9voir. \u201cJe constate la pr\u00e9sence de traces d\u2019un d\u00e9g\u00e2t des eaux<br \/>\nautour d\u2019une fen\u00eatre\u201d, a soulign\u00e9 le commissaire de justice \u00e0<br \/>\npropos d\u2019une chambre. Les moquettes et peintures des pi\u00e8ces sont<br \/>\npar ailleurs \u201cd\u00e9fra\u00eechies\u201d. Un <strong>gros<br \/>\nbudget<\/strong> est donc n\u00e9cessaire pour r\u00e9habiliter l\u2019h\u00f4tel<br \/>\nparticulier du couple Tapie.<\/p>\n<p><script async src=\"https:\/\/platform.twitter.com\/widgets.js\" charset=\"utf-8\"><\/script><\/p>\n","protected":false},"excerpt":{"rendered":"Leur splendide h\u00f4tel particulier sera bient\u00f4t mis en vente. Depuis la mort de son mari, Bernard Tapie, en&hellip;\n","protected":false},"author":2,"featured_media":145513,"comment_status":"","ping_status":"","sticky":false,"template":"","format":"standard","meta":{"footnotes":""},"categories":[1359],"tags":[548,1191,58,27446,59,1011,27,973],"class_list":{"0":"post-145512","1":"post","2":"type-post","3":"status-publish","4":"format-standard","5":"has-post-thumbnail","7":"category-people","8":"tag-article-simple","9":"tag-bernard-tapie","10":"tag-divertissement","11":"tag-dominique-tapie","12":"tag-entertainment","13":"tag-fr","14":"tag-france","15":"tag-people"},"share_on_mastodon":{"url":"https:\/\/pubeurope.com\/@fr\/114611756913800597","error":""},"_links":{"self":[{"href":"https:\/\/www.europesays.com\/fr\/wp-json\/wp\/v2\/posts\/145512","targetHints":{"allow":["GET"]}}],"collection":[{"href":"https:\/\/www.europesays.com\/fr\/wp-json\/wp\/v2\/posts"}],"about":[{"href":"https:\/\/www.europesays.com\/fr\/wp-json\/wp\/v2\/types\/post"}],"author":[{"embeddable":true,"href":"https:\/\/www.europesays.com\/fr\/wp-json\/wp\/v2\/users\/2"}],"replies":[{"embeddable":true,"href":"https:\/\/www.europesays.com\/fr\/wp-json\/wp\/v2\/comments?post=145512"}],"version-history":[{"count":0,"href":"https:\/\/www.europesays.com\/fr\/wp-json\/wp\/v2\/posts\/145512\/revisions"}],"wp:featuredmedia":[{"embeddable":true,"href":"https:\/\/www.europesays.com\/fr\/wp-json\/wp\/v2\/media\/145513"}],"wp:attachment":[{"href":"https:\/\/www.europesays.com\/fr\/wp-json\/wp\/v2\/media?parent=145512"}],"wp:term":[{"taxonomy":"category","embeddable":true,"href":"https:\/\/www.europesays.com\/fr\/wp-json\/wp\/v2\/categories?post=145512"},{"taxonomy":"post_tag","embeddable":true,"href":"https:\/\/www.europesays.com\/fr\/wp-json\/wp\/v2\/tags?post=145512"}],"curies":[{"name":"wp","href":"https:\/\/api.w.org\/{rel}","templated":true}]}}