{"id":145518,"date":"2025-06-02T03:58:20","date_gmt":"2025-06-02T03:58:20","guid":{"rendered":"https:\/\/www.europesays.com\/fr\/145518\/"},"modified":"2025-06-02T03:58:20","modified_gmt":"2025-06-02T03:58:20","slug":"pourquoi-ses-confessions-tombent-si-mal-pour-le-rn","status":"publish","type":"post","link":"https:\/\/www.europesays.com\/fr\/145518\/","title":{"rendered":"Pourquoi ses confessions tombent si mal pour le RN"},"content":{"rendered":"<p>        <img decoding=\"async\" loading=\"lazy\" src=\"https:\/\/www.europesays.com\/fr\/wp-content\/uploads\/2025\/06\/fb5cc5b_sirius-fs-upload-1-yifbfkx9jmuc-1748776714773-er4bgmtunnb63jv4dwgr352ili.jpg\"  width=\"728\" height=\"409\" alt=\"Jordan Bardella participe \u00e0 l\u2019\u00e9mission \u00ab\u00a0Une ambition intime\u00a0\u00bb ce dimanche 1er juin sur M6\"\/>  <\/p>\n<p>Pierre Olivier-M6<\/p>\n<p>       <strong>EN BREF<\/strong> <strong>\u2022 <\/strong>Jordan Bardella est l\u2019un des quatre invit\u00e9s de \u00ab\u00a0Une ambition intime\u00a0\u00bb pr\u00e9sent\u00e9e par Karine Le\u00a0Marchand sur M6.<br \/><strong>\u2022 <\/strong>La diffusion intervient alors que les tensions s\u2019accentuent entre Marine Le\u00a0Pen et son dauphin.<br \/><strong>\u2022 <\/strong>En pr\u00e9sidentialisant\u00a0le pr\u00e9sident du RN, l\u2019\u00e9mission va renforcer les interrogations sur la loyaut\u00e9 pour la pr\u00e9sidentielle 2027.                         <\/p>\n<p class=\"asset asset-text\">POLITIQUE &#8211; Disons-le d\u2019embl\u00e9e. Une ambition intime, sur M6, n\u2019est pas un vraiment un rendez-vous redout\u00e9 des \u00e9curies politiques. Le programme pr\u00e9sent\u00e9 par Karine Le\u00a0Marchand, de retour ce dimanche 1er\u00a0juin sur M6, participe \u00e0 la \u00ab\u00a0<a href=\"https:\/\/www.lemonde.fr\/election-presidentielle-2017\/article\/2016\/10\/11\/marine-le-pen-poursuit-sa-drole-de-campagne_5011476_4854003.html\" target=\"_blank\" rel=\"noopener\" title=\"Nouvelle fen\u00eatre\">pipolisation<\/a>\u00a0\u00bb de la vie politique. Ce cadrage particulier qui met les id\u00e9es au second plan, au profit de la description souvent tire larmes du parcours forc\u00e9ment singulier de ceux qui aspirent au pouvoir.<\/p>\n<p class=\"asset asset-text\">C\u2019est donc dans ce format bienveillant que Jordan Bardella, qui n\u2019a connu comme activit\u00e9 professionnelle que<a href=\"https:\/\/www.huffingtonpost.fr\/politique\/article\/ce-que-je-cherche-on-a-lu-le-livre-de-jordan-bardella-mais-on-vous-en-conseille-un-autre_242024.html\" target=\"_blank\" rel=\"noopener\"> la vie politique depuis sa sortie de l\u2019adolescence<\/a>, est invit\u00e9 \u00e0 s\u2019ouvrir sur son parcours. Qu\u2019importe que le pr\u00e9sident du RN n\u2019ait pas encore f\u00eat\u00e9 ses 30\u00a0ans ou que son ascension se r\u00e9sume \u00e0 la trajectoire hors normes d\u2019un apparatchik, c\u2019est bien lui qui \u00e9tait d\u00e9sign\u00e9 par son parti politique pour entrer \u00e0 Matignon en cas de victoire aux l\u00e9gislatives en juin\u00a02024. Ce qui, de facto, a fait entrer l\u2019eurod\u00e9put\u00e9 dans une autre dimension.<\/p>\n<p class=\"asset asset-text\">Au point de se retrouver au centre des sp\u00e9culations depuis la condamnation de la (vraie) patronne du RN, Marine Le\u00a0Pen, dans l\u2019affaire des assistants parlementaires. Frapp\u00e9e d\u2019une in\u00e9ligibilit\u00e9 avec ex\u00e9cution provisoire en premi\u00e8re instance, la pr\u00e9sidente du groupe du RN doit d\u00e9sormais composer avec ce qui \u00e9tait inimaginable dans ce parti si centralis\u00e9\u00a0: l\u2019existence d\u2019une alternative pour la pr\u00e9sidentielle. Qui plus est d\u2019une alternative qui ne s\u2019appelle pas Le Pen.<\/p>\n<p>                     Le plan B cr\u00e9e des tensions    <\/p>\n<p class=\"asset asset-text\">Cela se traduit, m\u00e9caniquement, par des tensions en interne. Dans la presse, comme ici dans <a href=\"https:\/\/www.lexpress.fr\/politique\/rn\/si-cest-jordan-bardella-je-ny-arriverai-pas-au-rn-le-crepuscule-des-fideles-de-marine-le-pen-L2Q3AAKVXZBRLO2ICCURNQZ5KM\/?auth=834b81b2fd\" target=\"_blank\" rel=\"noopener\" title=\"Nouvelle fen\u00eatre\">L\u2019Express<\/a>, les r\u00e9cits dessinant les contours d\u2019un affrontement larv\u00e9 entre \u00ab\u00a0marinistes\u00a0\u00bb et \u00ab\u00a0bardellistes\u00a0\u00bb se multiplient. R\u00e9cemment, c\u2019est<a href=\"https:\/\/www.huffingtonpost.fr\/politique\/article\/pourquoi-ce-sondage-choc-sur-la-presidentielle-2027-provoque-des-remous-au-rassemblement-national_249677.html\" target=\"_blank\" rel=\"noopener\" title=\"Nouvelle fen\u00eatre\"> la commande d\u2019un sondage pr\u00e9sidentiel centr\u00e9<\/a> sur l\u2019eurod\u00e9put\u00e9 qui a provoqu\u00e9 la col\u00e8re de la fille de Jean-Marie Le\u00a0Pen. Une opposition latente par ailleurs dop\u00e9e par un d\u00e9but d\u2019\u00e9mancipation politique de la part de Jordan Bardella, <a href=\"https:\/\/www.huffingtonpost.fr\/politique\/article\/avec-jordan-bardella-le-rassemblement-national-tente-un-tournant-liberal-pour-grand-remplacer-la-droite-clx1_242179.html\" target=\"_blank\" rel=\"noopener\" title=\"Nouvelle fen\u00eatre\">qui assume un positionnement de droite<\/a>, \u00e0 rebours de la position traditionnelle du parti d\u2019extr\u00eame droite, fier de se pr\u00e9senter devant les \u00e9lecteurs en r\u00e9p\u00e9tant ce classique\u00a0: \u00ab\u00a0ni droite, ni gauche. Front national\u00a0\u00bb.<\/p>\n<p class=\"asset asset-text\">D\u00e8s lors, le passage en majest\u00e9 du pr\u00e9sident du RN sur le divan de Karine le Marchand a tout pour nourrir les ranc\u0153urs, voire les craintes, de ceux qui ne veulent pas entendre parler d\u2019autre chose que d\u2019une candidature de Marine Le\u00a0Pen en 2027. \u00ab\u00a0Jordan Bardella nous paraissait incontournable pour pr\u00e9senter la rel\u00e8ve politique\u00a0\u00bb, a d\u2019ailleurs justifi\u00e9 l\u2019animatrice.<\/p>\n<p class=\"asset asset-text\">Or, c\u2019est justement la tentation de pr\u00e9senter si t\u00f4t Jordan Bardella comme le plan de secours en cas d\u2019emp\u00eachement de Marine Le\u00a0Pen qui provoque des crispations en interne. Lesquelles peuvent aussi rejaillir en public. Depuis la Nouvelle-Cal\u00e9donie, la d\u00e9put\u00e9e du Pas-de-Calais s\u2019est fendue d\u2019un double recadrage \u00e0 distance. En revendiquant, d\u2019abord, sa place de candidate pour la prochaine pr\u00e9sidentielle et en faisant, ensuite, la le\u00e7on \u00e0 son dauphin sur les dossiers ultramarins.<\/p>\n<p class=\"asset asset-text\">\u00ab\u00a0Je ne suis pas s\u00fbre que Jordan, pour le coup, connaisse tr\u00e8s bien les probl\u00e8mes de la Nouvelle-Cal\u00e9donie\u00a0\u00bb, <a href=\"https:\/\/www.huffingtonpost.fr\/politique\/article\/recadre-par-marine-le-pen-jordan-bardella-tente-de-minimiser-et-se-defend_250668.html\" target=\"_blank\" rel=\"noopener\">a-t-elle l\u00e2ch\u00e9<\/a>, affirmant que l\u2019int\u00e9ress\u00e9 avait \u00ab\u00a0la stature pour \u00eatre Premier ministre\u00a0\u00bb. Pas plus. Du moins dans un premier temps. \u00ab\u00a0Si je ne peux pas \u00eatre candidate, \u00e9videmment que Jordan Bardella sera candidat \u00e0 la pr\u00e9sidentielle\u00a0\u00bb, a-t-elle r\u00e9ajust\u00e9 ensuite. Si Jordan Bardella, qui affiche en une de Valeurs actuelles son envie de \u00ab\u00a0jouer un r\u00f4le en 2027\u00a0\u00bb, a minimis\u00e9 la violence du tacle, l\u2019\u00e9pisode t\u00e9moigne d\u2019un raidissement entre la cheffe et son bras droit, \u00e0 l\u2019heure o\u00f9 certains en interne jugent irresponsable d\u2019attendre l\u2019\u00e9t\u00e9 2026 (et une \u00e9ventuelle cl\u00e9mence en appel qui est loin d\u2019\u00eatre acquise) pour mettre Jordan Bardella sur orbite.<\/p>\n<p>    Le RN va-t-il faire la promo de l\u2019\u00e9mission\u00a0?    <\/p>\n<p class=\"asset asset-text\">Pourtant, le pack autour de pr\u00e9sidente du groupe RN tient bon. Du moins, pour l\u2019instant. \u00ab\u00a0\u00c0 l\u2019Assembl\u00e9e, dans les couloirs, on voit que les marinistes revendiqu\u00e9s ne sont pas bien et qu\u2019ils sont inquiets. Ils se disent que si c\u2019est Bardella, c\u2019est fini pour eux, ils n\u2019en veulent pas\u00a0\u00bb, s\u2019amuse aupr\u00e8s du HuffPost un d\u00e9put\u00e9 LR, citant notamment Jean-Philippe Tanguy parmi les \u00ab\u00a0f\u00e9briles\u00a0\u00bb qu\u2019il pense d\u00e9celer. Pendant ce temps, les figures m\u00e9diatiques du RN assurent publiquement que tout va pour le mieux entre les deux t\u00eates d\u2019affiche. \u00ab\u00a0Cela va tr\u00e8s bien\u00a0\u00bb, a insist\u00e9 ce dimanche S\u00e9bastien Chenu sur <a href=\"https:\/\/x.com\/RTLFrance\/status\/1929128745895440694\" target=\"_blank\" rel=\"noopener\" title=\"Nouvelle fen\u00eatre\">RTL<\/a>.<\/p>\n<p class=\"asset asset-text\">Aupr\u00e8s du HuffPost, un mariniste influent assure m\u00eame qu\u2019il sera devant son poste pour suivre les confessions de Jordan Bardella ce dimanche. \u00ab\u00a0C\u2019est un \u00e9l\u00e9ment positif pour rapprocher les Fran\u00e7ais de la vie politique. Je vais donc regarder avec int\u00e9r\u00eat\u00a0\u00bb, promet-il, sans pour autant assurer la promotion de l\u2019\u00e9v\u00e9nement comme c\u2019\u00e9tait le cas lors du passage de sa championne en 2021. On a, effectivement, connu plus enthousiaste.<\/p>\n<p class=\"asset asset-text\"><strong>\u00c0 voir \u00e9galement sur Le HuffPost\u00a0: <\/strong><\/p>\n<p> La lecture de ce contenu est susceptible d\u2019entra\u00eener un d\u00e9p\u00f4t de cookies de la part de l\u2019op\u00e9rateur tiers qui l\u2019h\u00e9berge. Compte-tenu des choix que vous avez exprim\u00e9s en mati\u00e8re de d\u00e9p\u00f4t de cookies, nous avons bloqu\u00e9 l\u2019affichage de ce contenu. Si vous souhaitez y acc\u00e9der, vous devez accepter la cat\u00e9gorie de cookies \u201cContenus tiers\u201d en cliquant sur le bouton ci-dessous. <\/p>\n<p> Lire la Vid\u00e9o                    <\/p>\n","protected":false},"excerpt":{"rendered":"Pierre Olivier-M6 EN BREF \u2022 Jordan Bardella est l\u2019un des quatre invit\u00e9s de \u00ab\u00a0Une ambition intime\u00a0\u00bb pr\u00e9sent\u00e9e par&hellip;\n","protected":false},"author":2,"featured_media":145519,"comment_status":"","ping_status":"","sticky":false,"template":"","format":"standard","meta":{"footnotes":""},"categories":[1356],"tags":[58,59,1076,1011,27,1077,494,430,316,252,1364,23801],"class_list":{"0":"post-145518","1":"post","2":"type-post","3":"status-publish","4":"format-standard","5":"has-post-thumbnail","7":"category-television","8":"tag-divertissement","9":"tag-entertainment","10":"tag-extreme-droite","11":"tag-fr","12":"tag-france","13":"tag-jordan-bardella","14":"tag-m6","15":"tag-marine-le-pen","16":"tag-politique","17":"tag-television","18":"tag-tv","19":"tag-une-ambition-intime"},"share_on_mastodon":{"url":"https:\/\/pubeurope.com\/@fr\/114611768795358547","error":""},"_links":{"self":[{"href":"https:\/\/www.europesays.com\/fr\/wp-json\/wp\/v2\/posts\/145518","targetHints":{"allow":["GET"]}}],"collection":[{"href":"https:\/\/www.europesays.com\/fr\/wp-json\/wp\/v2\/posts"}],"about":[{"href":"https:\/\/www.europesays.com\/fr\/wp-json\/wp\/v2\/types\/post"}],"author":[{"embeddable":true,"href":"https:\/\/www.europesays.com\/fr\/wp-json\/wp\/v2\/users\/2"}],"replies":[{"embeddable":true,"href":"https:\/\/www.europesays.com\/fr\/wp-json\/wp\/v2\/comments?post=145518"}],"version-history":[{"count":0,"href":"https:\/\/www.europesays.com\/fr\/wp-json\/wp\/v2\/posts\/145518\/revisions"}],"wp:featuredmedia":[{"embeddable":true,"href":"https:\/\/www.europesays.com\/fr\/wp-json\/wp\/v2\/media\/145519"}],"wp:attachment":[{"href":"https:\/\/www.europesays.com\/fr\/wp-json\/wp\/v2\/media?parent=145518"}],"wp:term":[{"taxonomy":"category","embeddable":true,"href":"https:\/\/www.europesays.com\/fr\/wp-json\/wp\/v2\/categories?post=145518"},{"taxonomy":"post_tag","embeddable":true,"href":"https:\/\/www.europesays.com\/fr\/wp-json\/wp\/v2\/tags?post=145518"}],"curies":[{"name":"wp","href":"https:\/\/api.w.org\/{rel}","templated":true}]}}