{"id":145522,"date":"2025-06-02T04:00:29","date_gmt":"2025-06-02T04:00:29","guid":{"rendered":"https:\/\/www.europesays.com\/fr\/145522\/"},"modified":"2025-06-02T04:00:29","modified_gmt":"2025-06-02T04:00:29","slug":"cest-emouvant-quarante-ans-apres-250-fans-sur-les-traces-de-james-bond-a-chantilly","status":"publish","type":"post","link":"https:\/\/www.europesays.com\/fr\/145522\/","title":{"rendered":"\u00ab\u00a0C\u2019est \u00e9mouvant\u00a0\u00bb\u00a0: quarante ans apr\u00e8s, 250 fans sur les traces de James Bond \u00e0 Chantilly"},"content":{"rendered":"<p class=\"paragraph text_align_left\">Christopher Walken dans la peau de Max Zorin, la sculpturale Grace Jones dans celle de May Day. Face \u00e0 ce duo infernal, Roger Moore dans le r\u00f4le de James Bond, agent de sa majest\u00e9 pour la septi\u00e8me et derni\u00e8re fois. Et de multiples sc\u00e8nes cultes, le tout accompagn\u00e9 de \u00ab A View to a Kill \u00bb, le tube de Duran Duran, qui a servi de bande originale \u00e0 \u00ab Dangereusement v\u00f4tre \u00bb, titre fran\u00e7ais du 14e \u00e9pisode de la saga.<\/p>\n","protected":false},"excerpt":{"rendered":"Christopher Walken dans la peau de Max Zorin, la sculpturale Grace Jones dans celle de May Day. Face&hellip;\n","protected":false},"author":2,"featured_media":145523,"comment_status":"","ping_status":"","sticky":false,"template":"","format":"standard","meta":{"footnotes":""},"categories":[1354],"tags":[872,58,59,1346,1011,27,1944,1360,1940],"class_list":{"0":"post-145522","1":"post","2":"type-post","3":"status-publish","4":"format-standard","5":"has-post-thumbnail","7":"category-films","8":"tag-culture-et-loisirs","9":"tag-divertissement","10":"tag-entertainment","11":"tag-films","12":"tag-fr","13":"tag-france","14":"tag-ma-ville","15":"tag-movies","16":"tag-oise"},"share_on_mastodon":{"url":"https:\/\/pubeurope.com\/@fr\/114611776557739754","error":""},"_links":{"self":[{"href":"https:\/\/www.europesays.com\/fr\/wp-json\/wp\/v2\/posts\/145522","targetHints":{"allow":["GET"]}}],"collection":[{"href":"https:\/\/www.europesays.com\/fr\/wp-json\/wp\/v2\/posts"}],"about":[{"href":"https:\/\/www.europesays.com\/fr\/wp-json\/wp\/v2\/types\/post"}],"author":[{"embeddable":true,"href":"https:\/\/www.europesays.com\/fr\/wp-json\/wp\/v2\/users\/2"}],"replies":[{"embeddable":true,"href":"https:\/\/www.europesays.com\/fr\/wp-json\/wp\/v2\/comments?post=145522"}],"version-history":[{"count":0,"href":"https:\/\/www.europesays.com\/fr\/wp-json\/wp\/v2\/posts\/145522\/revisions"}],"wp:featuredmedia":[{"embeddable":true,"href":"https:\/\/www.europesays.com\/fr\/wp-json\/wp\/v2\/media\/145523"}],"wp:attachment":[{"href":"https:\/\/www.europesays.com\/fr\/wp-json\/wp\/v2\/media?parent=145522"}],"wp:term":[{"taxonomy":"category","embeddable":true,"href":"https:\/\/www.europesays.com\/fr\/wp-json\/wp\/v2\/categories?post=145522"},{"taxonomy":"post_tag","embeddable":true,"href":"https:\/\/www.europesays.com\/fr\/wp-json\/wp\/v2\/tags?post=145522"}],"curies":[{"name":"wp","href":"https:\/\/api.w.org\/{rel}","templated":true}]}}