{"id":14553,"date":"2025-04-10T08:58:07","date_gmt":"2025-04-10T08:58:07","guid":{"rendered":"https:\/\/www.europesays.com\/fr\/14553\/"},"modified":"2025-04-10T08:58:07","modified_gmt":"2025-04-10T08:58:07","slug":"pourquoi-ne-vaccine-t-on-pas-les-enfants-en-france","status":"publish","type":"post","link":"https:\/\/www.europesays.com\/fr\/14553\/","title":{"rendered":"pourquoi ne vaccine-t-on pas les enfants en France\u00a0?"},"content":{"rendered":"<p>De nombreux pays d\u00e9velopp\u00e9s comparables ont fait le choix ces derni\u00e8res ann\u00e9es de promouvoir cette vaccination, mais Paris reste en retrait.<\/p>\n<p class=\"fig-paragraph\">De la\u00a0<a href=\"https:\/\/sante.lefigaro.fr\/sante\/symptome\/symptomes-fievre\/quest-ce-que-cest\" target=\"_blank\" data-fig-type=\"Keyword\" rel=\"noopener\" data-gtm-custom-categorie=\"navigation\" data-gtm-custom-action=\"crossclick\" data-gtm-custom-label=\"Contextuel\" data-gtm-event=\"customEventSPE\" data-fig-domain=\"SANTE\">fi\u00e8vre<\/a>, des boutons qui\u00a0<a href=\"https:\/\/sante.lefigaro.fr\/sante\/symptome\/demangeaisons\/quelles-causes\" target=\"_blank\" data-fig-type=\"Keyword\" rel=\"noopener\" data-gtm-custom-categorie=\"navigation\" data-gtm-custom-action=\"crossclick\" data-gtm-custom-label=\"Contextuel\" data-gtm-event=\"customEventSPE\" data-fig-domain=\"SANTE\">d\u00e9mangent<\/a>\u00a0et c\u00e8dent la place \u00e0 une constellation de cro\u00fbtes, qu\u2019il faut \u00e9viter de gratter sous peine de garder des cicatrices\u00a0: pour la plupart des petits Fran\u00e7ais, le sc\u00e9nario d\u2019une\u00a0<a href=\"https:\/\/sante.lefigaro.fr\/sante\/maladie\/varicelle\/quel-traitement-0\" target=\"_blank\" data-fig-type=\"Keyword\" rel=\"noopener\" data-gtm-custom-categorie=\"navigation\" data-gtm-custom-action=\"crossclick\" data-gtm-custom-label=\"Contextuel\" data-gtm-event=\"customEventSPE\" data-fig-domain=\"SANTE\">varicelle<\/a>\u00a0est bien balis\u00e9 et les parents ne s\u2019en \u00e9meuvent gu\u00e8re. L\u2019infection par ce virus est largement per\u00e7ue dans l\u2019Hexagone comme une \u00e9tape quasi oblig\u00e9e de la petite enfance. Au point que certains parents font m\u00eame en sorte de mettre leur prog\u00e9niture au contact d\u2019un enfant infect\u00e9, pour \u00ab\u00a0cocher la case\u00a0\u00bb dans le carnet de sant\u00e9 d\u00e8s les premi\u00e8res ann\u00e9es. R\u00e9sultat, 9 enfants sur 10 sont contamin\u00e9s avant l\u2019\u00e2ge de 10 ans.<\/p>\n<p class=\"fig-paragraph\">L\u2019enjeu\u00a0: \u00e9viter d\u2019avoir la varicelle apr\u00e8s 12\u00a0ans, lorsque le risque de complications ou de forme s\u00e9rieuse passe de 4 \u00e0 30\u00a0%. Car cette maladie, c\u2019est aussi, rien qu\u2019en France, 3000 hospitalisations et 20 d\u00e9c\u00e8s par an. Et les formes graves ne concernent pas que les adolescents et adultes, chez qui elle peut causer des pneumonies et des enc\u00e9phalites. Les jeunes b\u00e9b\u00e9s, qui tol\u00e8rent mal la fi\u00e8vre, sont aussi tr\u00e8s vuln\u00e9rables, surtout si leur m\u00e8re n\u2019est pas immunis\u00e9e et n\u2019a pas pu leur transmettre d\u2019anticorps pendant la grossesse.<\/p>\n<p>Un vaccin efficce et bien tol\u00e9r\u00e9<\/p>\n<p class=\"fig-paragraph\">Il existe pourtant, depuis les ann\u00e9es 1970, un vaccin efficace et bien tol\u00e9r\u00e9 contre la varicelle, qui a progressivement \u00e9t\u00e9 adopt\u00e9 par plus d\u2019une quarantaine de pays parmi lesquels les \u00c9tats-Unis, l\u2019Australie, l\u2019Allemagne, l\u2019Italie&#8230; Si l\u2019Agence europ\u00e9enne du m\u00e9dicament a donn\u00e9 son feu vert \u00e0 la commercialisation de ces vaccins (Varilix et Varivax) d\u00e8s 2003, la France ne le recommande\u00a0<a href=\"https:\/\/sante.lefigaro.fr\/actualite\/2011\/11\/02\/15278-varicelle-vaccin-seulement-pour-groupes-risque\" data-fig-type=\"Article\" data-gtm-custom-categorie=\"navigation\" data-gtm-custom-action=\"crossclick\" data-gtm-custom-label=\"Contextuel\" data-gtm-event=\"customEventSPE\" data-fig-domain=\"SANTE\" target=\"_blank\" rel=\"noopener\">que dans quelques situations particuli\u00e8res<\/a>\u00a0o\u00f9 il ne peut \u00eatre prouv\u00e9 que la personne a d\u00e9j\u00e0 \u00e9t\u00e9 contamin\u00e9e naturellement\u00a0: apr\u00e8s 12\u00a0ans, avant un projet de grossesse, dans les 3 jours suivant un contact avec un malade, avant une greffe&#8230;<\/p>\n<p class=\"fig-paragraph\">Pour quelle raison les autorit\u00e9s sanitaires n\u2019ont, jusqu\u2019\u00e0 pr\u00e9sent, pas jug\u00e9 pertinent de le recommander pour tous les enfants \u00e0 partir d\u2019un an\u00a0? Plusieurs arguments ont \u00e9t\u00e9 consid\u00e9r\u00e9s par les autorit\u00e9s sanitaires. Mais l\u2019\u00e9tat des connaissances scientifiques sur ce vaccin ayant progress\u00e9, la situation pourrait \u00e9voluer.<\/p>\n<p class=\"fig-paragraph\">Aucun doute ne plane sur la s\u00e9curit\u00e9 des vaccins, sur lesquelles il existe des donn\u00e9es solides. \u00ab\u00a0On dispose aujourd\u2019hui d\u2019un recul de trente ans sur sa tol\u00e9rance, avec plusieurs centaines de millions de personnes d\u00e9j\u00e0 vaccin\u00e9es\u00a0\u00bb, rappelle le Pr\u00a0Robert Cohen, p\u00e9diatre-infectiologue. C\u00f4t\u00e9 efficacit\u00e9, sur le plan individuel il n\u2019a que des avantages, poursuit l\u2019expert\u00a0: \u00ab\u00a0Avec deux doses, il conf\u00e8re la m\u00eame protection \u00e0 vie que la maladie naturelle, et ne n\u00e9cessite pas de rappel.\u00a0\u00bb<\/p>\n<p>Une maladie pas toujours b\u00e9nigne<\/p>\n<p class=\"fig-paragraph\">\u00ab\u00a0Il est toujours pr\u00e9f\u00e9rable d\u2019\u00e9viter une maladie lorsque c\u2019est possible, abonde le Pr Romain Basmaci, chef du service de p\u00e9diatrie \u00e0 l\u2019h\u00f4pital Louis-Mourier (AP-HP) et secr\u00e9taire g\u00e9n\u00e9ral de la Soci\u00e9t\u00e9 fran\u00e7aise de p\u00e9diatrie. Une varicelle standard dure 10 \u00e0 15 jours, avec 5 \u00e0 7 jours de fi\u00e8vre, et un arr\u00eat de travail des parents. Cela g\u00e9n\u00e8re de l\u2019anxi\u00e9t\u00e9 au sein des familles, et au final, on ne peut pas proposer grand-chose hormis donner du parac\u00e9tamol \u00e0 l\u2019enfant et lui couper les ongles\u00a0\u00bb pour limiter le grattage.<\/p>\n<blockquote class=\"fig-quote&#10;    \">\n<p class=\"fig-quote__text\">Avec deux doses, le vaccin conf\u00e8re la m\u00eame protection \u00e0 vie que la maladie naturelle.<\/p>\n<p>            Pr Robert Cohen, p\u00e9diatre-infectiologue\n    <\/p><\/blockquote>\n<p class=\"fig-paragraph\">Sans compter que les complications, m\u00eame rares chez l\u2019enfant, restent possibles. \u00ab\u00a0Il s\u2019agit principalement de surinfections par des bact\u00e9ries de la peau, staphylocoques ou streptocoques, occasionnant des infections diffuses et massives, avec \u00e0 la cl\u00e9 des hospitalisations, parfois en r\u00e9animation, voire le d\u00e9c\u00e8s en cas de choc septique tr\u00e8s s\u00e9v\u00e8re\u00a0\u00bb, explique Romain Basmaci. Une varicelle sans gravit\u00e9 peut aussi laisser des cicatrices inesth\u00e9tiques g\u00eanantes, avec des r\u00e9percussions psycho-sociales \u00e0 long terme.<\/p>\n<p class=\"fig-paragraph\">D\u00e8s lors, pourquoi se retenir de g\u00e9n\u00e9raliser l\u2019usage de la vaccination chez les b\u00e9b\u00e9s\u00a0? \u00ab\u00a0Comme il s\u2019agit d\u2019une maladie tr\u00e8s contagieuse, on craignait, en cas de couverture vaccinale insuffisante, c\u2019est-\u00e0-dire inf\u00e9rieure \u00e0 80\u00a0%, que cela ne retarde l\u2019\u00e2ge o\u00f9 les non-vaccin\u00e9s allaient \u201crencontrer\u201d le virus naturellement\u00a0\u00bb, explique le Pr Cohen. En d\u2019autres termes, ceux qui ne se vaccineraient pas auraient plus de risques d\u2019\u00eatre contamin\u00e9s tard, \u00e0 un \u00e2ge o\u00f9 les formes s\u00e9v\u00e8res sont plus fr\u00e9quentes.<\/p>\n<p>Le m\u00eam virus que le zona<\/p>\n<p class=\"fig-paragraph\">Autre hypoth\u00e8se prise en consid\u00e9ration par les autorit\u00e9s sanitaires fran\u00e7aises\u00a0: en cas de moindre circulation du virus naturel, les cas de zona (maladie douloureuse qui touche essentiellement les personnes \u00e2g\u00e9es) augmenteraient.\u00a0<a href=\"https:\/\/www.lefigaro.fr\/sciences\/varicelle-et-zona-un-seul-virus-pour-deux-maladies-differentes-20220102\" data-fig-type=\"Article\" data-gtm-custom-categorie=\"navigation\" data-gtm-custom-action=\"crossclick\" data-gtm-custom-label=\"Contextuel\" data-gtm-event=\"customEventSPE\" data-fig-domain=\"LEFIGARO\" target=\"_blank\" rel=\"noopener\">Le zona r\u00e9sulte en effet du r\u00e9veil du virus de la varicelle<\/a>\u00a0endormi dans des ganglions du corps. Un contact r\u00e9gulier avec le virus de la varicelle tout au long de la vie permettrait \u00e0 notre syst\u00e8me immunitaire d\u2019avoir un meilleur contr\u00f4le sur ce risque latent, \u00e9tait-il pr\u00e9sum\u00e9.<\/p>\n<p class=\"fig-paragraph\">Or, des \u00e9tudes \u00e9pid\u00e9miologiques de grande ampleur conduites aux \u00c9tats-Unis, o\u00f9 l\u2019on vaccine les enfants depuis 1995, n\u2019ont pas montr\u00e9 de recul de l\u2019\u00e2ge moyen de contamination naturelle &#8211; peut-\u00eatre gr\u00e2ce \u00e0 une excellente couverture vaccinale, de 90\u00a0% en 2022. Quant au zona, la tendance reste \u00e0 la hausse mais cela s\u2019explique par le vieillissement de la population, qui augmente le nombre de personnes \u00e2g\u00e9es et immunod\u00e9prim\u00e9es.<\/p>\n<p class=\"fig-paragraph\">En France, face \u00e0 l\u2019avanc\u00e9e des connaissances scientifiques, la Haute Autorit\u00e9 de sant\u00e9 a pr\u00e9vu de se repencher sur le dossier en fin d\u2019ann\u00e9e. En attendant, les parents qui le souhaitent peuvent d\u00e9j\u00e0 demander \u00e0 faire vacciner leur enfant \u00e0 partir de 12 mois. D\u2019ailleurs, certains m\u00e9decins g\u00e9n\u00e9ralistes ou p\u00e9diatres le proposent spontan\u00e9ment.<\/p>\n","protected":false},"excerpt":{"rendered":"De nombreux pays d\u00e9velopp\u00e9s comparables ont fait le choix ces derni\u00e8res ann\u00e9es de promouvoir cette vaccination, mais Paris&hellip;\n","protected":false},"author":2,"featured_media":14554,"comment_status":"","ping_status":"","sticky":false,"template":"","format":"standard","meta":{"footnotes":""},"categories":[10],"tags":[237,101,232,231,234,228,1011,27,72,239,230,238,226,224,225,233,229,236,235,71,227],"class_list":{"0":"post-14553","1":"post","2":"type-post","3":"status-publish","4":"format-standard","5":"has-post-thumbnail","7":"category-sante","8":"tag-actualite-sur-les-maladies","9":"tag-cancer","10":"tag-cardiologie","11":"tag-cerveau","12":"tag-diabete","13":"tag-diagnostic","14":"tag-fr","15":"tag-france","16":"tag-health","17":"tag-info-sur-les-maladies","18":"tag-infographie","19":"tag-information-sur-les-maladies","20":"tag-maladie","21":"tag-medecine","22":"tag-medicament","23":"tag-obesite","24":"tag-pathologie","25":"tag-pediatrie","26":"tag-psychiatrie","27":"tag-sante","28":"tag-traitement"},"share_on_mastodon":{"url":"https:\/\/pubeurope.com\/@fr\/114312845960824147","error":""},"_links":{"self":[{"href":"https:\/\/www.europesays.com\/fr\/wp-json\/wp\/v2\/posts\/14553","targetHints":{"allow":["GET"]}}],"collection":[{"href":"https:\/\/www.europesays.com\/fr\/wp-json\/wp\/v2\/posts"}],"about":[{"href":"https:\/\/www.europesays.com\/fr\/wp-json\/wp\/v2\/types\/post"}],"author":[{"embeddable":true,"href":"https:\/\/www.europesays.com\/fr\/wp-json\/wp\/v2\/users\/2"}],"replies":[{"embeddable":true,"href":"https:\/\/www.europesays.com\/fr\/wp-json\/wp\/v2\/comments?post=14553"}],"version-history":[{"count":0,"href":"https:\/\/www.europesays.com\/fr\/wp-json\/wp\/v2\/posts\/14553\/revisions"}],"wp:featuredmedia":[{"embeddable":true,"href":"https:\/\/www.europesays.com\/fr\/wp-json\/wp\/v2\/media\/14554"}],"wp:attachment":[{"href":"https:\/\/www.europesays.com\/fr\/wp-json\/wp\/v2\/media?parent=14553"}],"wp:term":[{"taxonomy":"category","embeddable":true,"href":"https:\/\/www.europesays.com\/fr\/wp-json\/wp\/v2\/categories?post=14553"},{"taxonomy":"post_tag","embeddable":true,"href":"https:\/\/www.europesays.com\/fr\/wp-json\/wp\/v2\/tags?post=14553"}],"curies":[{"name":"wp","href":"https:\/\/api.w.org\/{rel}","templated":true}]}}