{"id":145532,"date":"2025-06-02T04:07:16","date_gmt":"2025-06-02T04:07:16","guid":{"rendered":"https:\/\/www.europesays.com\/fr\/145532\/"},"modified":"2025-06-02T04:07:16","modified_gmt":"2025-06-02T04:07:16","slug":"le-revers-cruel-dune-donation-familiale","status":"publish","type":"post","link":"https:\/\/www.europesays.com\/fr\/145532\/","title":{"rendered":"Le revers cruel d\u2019une donation familiale"},"content":{"rendered":"<p><strong>Les liens familiaux sont souvent consid\u00e9r\u00e9s comme sacr\u00e9s,<\/strong> mais que se passe-t-il lorsque ces liens se brisent de mani\u00e8re inattendue ? Une histoire bouleversante met en lumi\u00e8re la complexit\u00e9 des relations familiales et les dilemmes moraux qui peuvent en d\u00e9couler.<\/p>\n<p><strong>Une fille adoptive a r\u00e9cemment pris une d\u00e9cision choquante : expulser ses parents octog\u00e9naires de leur maison.<\/strong> Ce drame familial soul\u00e8ve des questions sur l\u2019amour, la loyaut\u00e9 et les obligations envers ceux qui nous ont \u00e9lev\u00e9s. Alors que cette situation suscite l\u2019indignation et la compassion, elle invite \u00e9galement \u00e0 r\u00e9fl\u00e9chir aux dynamiques familiales modernes et aux d\u00e9fis qu\u2019elles peuvent engendrer.<\/p>\n<p>Contexte familial et enjeux de la propri\u00e9t\u00e9<\/p>\n<p>\u00c0 Perpignan, un couple d\u2019octog\u00e9naires se retrouve au c\u0153ur d\u2019un drame familial complexe.<strong> Ayant accueilli 29 enfants en tant que famille d\u2019accueil, ils ont acquis une maison en 2002,<\/strong> qu\u2019ils ont ensuite c\u00e9d\u00e9e en nue-propri\u00e9t\u00e9 \u00e0 leur fille adoptive sans acte notari\u00e9 officiel.<\/p>\n<p>Cette d\u00e9cision, initialement bas\u00e9e sur la confiance, s\u2019est retourn\u00e9e contre eux lorsque des tensions financi\u00e8res ont \u00e9merg\u00e9. <strong>La fille, d\u00e9sormais propri\u00e9taire l\u00e9gale, a engag\u00e9 des proc\u00e9dures judiciaires pour vendre le bien,<\/strong> mena\u00e7ant ainsi ses parents d\u2019expulsion. Ce conflit met en lumi\u00e8re les dangers potentiels des arrangements informels dans les affaires familiales et patrimoniales.<\/p>\n<p>Difficult\u00e9s financi\u00e8res et proc\u00e9dures judiciaires<\/p>\n<p>Depuis 2017, le couple d\u2019octog\u00e9naires fait face \u00e0 des difficult\u00e9s financi\u00e8res croissantes, notamment l\u2019accumulation de dettes et l\u2019incapacit\u00e9 de r\u00e9gler la <a href=\"https:\/\/l-echo-des-seniors.fr\/taxe-fonciere-2025-quels-retraites-seront-exoneres\/\" rel=\"nofollow noopener\" target=\"_blank\">taxe fonci\u00e8re<\/a>.<strong> Cette situation a conduit leur fille adoptive \u00e0 engager une proc\u00e9dure judiciaire en 2019<\/strong> pour vendre la maison familiale.<\/p>\n<p>En 2021, malgr\u00e9 un jugement initial favorable aux parents, <strong>les tribunaux ont exig\u00e9 qu\u2019ils paient les taxes impay\u00e9es, s\u2019\u00e9levant \u00e0 1800 euros.<\/strong> La cour d\u2019appel de Montpellier a ensuite statu\u00e9 en mars 2025 que le couple devait quitter les lieux sous deux mois. <strong>Face \u00e0 cette d\u00e9cision, ils envisagent une action pour \u201cingratitude\u201d afin d\u2019annuler la donation,<\/strong> esp\u00e9rant ainsi conserver leur domicile.<\/p>\n<p>Expulsion imminente et recours l\u00e9gaux envisag\u00e9s<\/p>\n<p><strong>Le couple, confront\u00e9 \u00e0 une expulsion imminente fix\u00e9e au 2 juin 2025 par la pr\u00e9fecture,<\/strong> explore des recours l\u00e9gaux pour contester cette d\u00e9cision. Leur avocat envisage de lancer une proc\u00e9dure pour \u201cingratitude\u201d afin d\u2019annuler la donation de la maison \u00e0 leur fille adoptive.<\/p>\n<p><strong>Cette d\u00e9marche pourrait potentiellement inverser le cours des \u00e9v\u00e9nements<\/strong> en prouvant que l\u2019attitude de leur fille justifie l\u2019annulation du don. Cependant, le temps presse et les chances de succ\u00e8s restent incertaines. <strong>Ce cas met en lumi\u00e8re les enjeux juridiques complexes li\u00e9s aux donations familiales non formalis\u00e9es<\/strong> et souligne l\u2019importance d\u2019une documentation appropri\u00e9e pour \u00e9viter de telles situations d\u00e9chirantes.<\/p>\n","protected":false},"excerpt":{"rendered":"Les liens familiaux sont souvent consid\u00e9r\u00e9s comme sacr\u00e9s, mais que se passe-t-il lorsque ces liens se brisent de&hellip;\n","protected":false},"author":2,"featured_media":145533,"comment_status":"","ping_status":"","sticky":false,"template":"","format":"standard","meta":{"footnotes":""},"categories":[4],"tags":[11,17411,1011,27,12,25,3552,4610],"class_list":{"0":"post-145532","1":"post","2":"type-post","3":"status-publish","4":"format-standard","5":"has-post-thumbnail","7":"category-france","8":"tag-actualites","9":"tag-donation","10":"tag-fr","11":"tag-france","12":"tag-news","13":"tag-republique-francaise","14":"tag-seniors","15":"tag-taxe-foncire"},"share_on_mastodon":{"url":"https:\/\/pubeurope.com\/@fr\/114611804086801027","error":""},"_links":{"self":[{"href":"https:\/\/www.europesays.com\/fr\/wp-json\/wp\/v2\/posts\/145532","targetHints":{"allow":["GET"]}}],"collection":[{"href":"https:\/\/www.europesays.com\/fr\/wp-json\/wp\/v2\/posts"}],"about":[{"href":"https:\/\/www.europesays.com\/fr\/wp-json\/wp\/v2\/types\/post"}],"author":[{"embeddable":true,"href":"https:\/\/www.europesays.com\/fr\/wp-json\/wp\/v2\/users\/2"}],"replies":[{"embeddable":true,"href":"https:\/\/www.europesays.com\/fr\/wp-json\/wp\/v2\/comments?post=145532"}],"version-history":[{"count":0,"href":"https:\/\/www.europesays.com\/fr\/wp-json\/wp\/v2\/posts\/145532\/revisions"}],"wp:featuredmedia":[{"embeddable":true,"href":"https:\/\/www.europesays.com\/fr\/wp-json\/wp\/v2\/media\/145533"}],"wp:attachment":[{"href":"https:\/\/www.europesays.com\/fr\/wp-json\/wp\/v2\/media?parent=145532"}],"wp:term":[{"taxonomy":"category","embeddable":true,"href":"https:\/\/www.europesays.com\/fr\/wp-json\/wp\/v2\/categories?post=145532"},{"taxonomy":"post_tag","embeddable":true,"href":"https:\/\/www.europesays.com\/fr\/wp-json\/wp\/v2\/tags?post=145532"}],"curies":[{"name":"wp","href":"https:\/\/api.w.org\/{rel}","templated":true}]}}