{"id":145534,"date":"2025-06-02T04:09:11","date_gmt":"2025-06-02T04:09:11","guid":{"rendered":"https:\/\/www.europesays.com\/fr\/145534\/"},"modified":"2025-06-02T04:09:11","modified_gmt":"2025-06-02T04:09:11","slug":"cest-une-honte-de-faire-ca-dans-un-lieu-sacralise","status":"publish","type":"post","link":"https:\/\/www.europesays.com\/fr\/145534\/","title":{"rendered":"\u00ab\u00a0C\u2019est une honte de faire \u00e7a dans un lieu sacralis\u00e9\u00a0\u00bb"},"content":{"rendered":"<p>\u00ab\u00a0Mais comment est-ce qu\u2019on peut faire une chose pareille\u00a0? C\u2019est inadmissible\u00a0! C\u2019est une honte de faire \u00e7a dans un lieu sacralis\u00e9\u00a0\u00bb, fulmine Roland devant le portail d\u2019entr\u00e9e du cimeti\u00e8re du Soleil.<\/p>\n<p>Ce grand gaillard qui culmine \u00e0 plus de 1,90 m nous a envoy\u00e9 un mail pour nous signaler <a href=\"https:\/\/www.leprogres.fr\/faits-divers-justice\/2025\/05\/12\/au-cimetiere-les-vols-de-fleurs-a-repetition-ajoutent-au-chagrin-du-deuil-nous-ne-savons-plus-quoi-faire\" target=\"_blank\" rel=\"nofollow noopener\">une recrudescence des vols au cimeti\u00e8re du Soleil<\/a>. Ce mercredi matin, nous le retrouvons devant\u00a0l\u2019entr\u00e9e principale de l\u2019\u00e9quipement public, mis en service en 1842. Ce lieu de repos \u00e9ternel pour les habitants du quartier, qui s\u2019\u00e9tire sur plus d\u2019un hectare, compte plus de 4\u00a0800 concessions, ainsi que des cases de columbarium et un jardin du souvenir.<\/p>\n<p>\u00ab\u00a0Pour commettre de tels actes, il faut\u00a0n\u2019avoir aucun respect pour les morts\u00a0\u00bb<\/p>\n<p>Depuis le d\u00e9c\u00e8s de sa maman en septembre\u00a02024, Roland et son papa viennent r\u00e9guli\u00e8rement se recueillir. \u00c0 plusieurs reprises, ils ont fait le douloureux constat de d\u00e9couvrir que divers objets et plantes avaient \u00e9t\u00e9 d\u00e9rob\u00e9s sur la tombe familiale. \u00ab\u00a0Pour commettre de tels actes, il&#8230;<\/p>\n","protected":false},"excerpt":{"rendered":"\u00ab\u00a0Mais comment est-ce qu\u2019on peut faire une chose pareille\u00a0? C\u2019est inadmissible\u00a0! C\u2019est une honte de faire \u00e7a dans&hellip;\n","protected":false},"author":2,"featured_media":145535,"comment_status":"","ping_status":"","sticky":false,"template":"","format":"standard","meta":{"footnotes":""},"categories":[9653],"tags":[1111,11,2430,7539,1777,674,274,1011,27,12,25,4001,7538],"class_list":{"0":"post-145534","1":"post","2":"type-post","3":"status-publish","4":"format-standard","5":"has-post-thumbnail","7":"category-saint-etienne","8":"tag-actu","9":"tag-actualites","10":"tag-auvergne-rhone-alpes","11":"tag-edition-loire-sud","12":"tag-eu","13":"tag-europe","14":"tag-faits-divers-justice","15":"tag-fr","16":"tag-france","17":"tag-news","18":"tag-republique-francaise","19":"tag-saint-etienne","20":"tag-saint-etienne-ville"},"share_on_mastodon":{"url":"https:\/\/pubeurope.com\/@fr\/114611811960803767","error":""},"_links":{"self":[{"href":"https:\/\/www.europesays.com\/fr\/wp-json\/wp\/v2\/posts\/145534","targetHints":{"allow":["GET"]}}],"collection":[{"href":"https:\/\/www.europesays.com\/fr\/wp-json\/wp\/v2\/posts"}],"about":[{"href":"https:\/\/www.europesays.com\/fr\/wp-json\/wp\/v2\/types\/post"}],"author":[{"embeddable":true,"href":"https:\/\/www.europesays.com\/fr\/wp-json\/wp\/v2\/users\/2"}],"replies":[{"embeddable":true,"href":"https:\/\/www.europesays.com\/fr\/wp-json\/wp\/v2\/comments?post=145534"}],"version-history":[{"count":0,"href":"https:\/\/www.europesays.com\/fr\/wp-json\/wp\/v2\/posts\/145534\/revisions"}],"wp:featuredmedia":[{"embeddable":true,"href":"https:\/\/www.europesays.com\/fr\/wp-json\/wp\/v2\/media\/145535"}],"wp:attachment":[{"href":"https:\/\/www.europesays.com\/fr\/wp-json\/wp\/v2\/media?parent=145534"}],"wp:term":[{"taxonomy":"category","embeddable":true,"href":"https:\/\/www.europesays.com\/fr\/wp-json\/wp\/v2\/categories?post=145534"},{"taxonomy":"post_tag","embeddable":true,"href":"https:\/\/www.europesays.com\/fr\/wp-json\/wp\/v2\/tags?post=145534"}],"curies":[{"name":"wp","href":"https:\/\/api.w.org\/{rel}","templated":true}]}}