{"id":145538,"date":"2025-06-02T04:11:16","date_gmt":"2025-06-02T04:11:16","guid":{"rendered":"https:\/\/www.europesays.com\/fr\/145538\/"},"modified":"2025-06-02T04:11:16","modified_gmt":"2025-06-02T04:11:16","slug":"meurthe-et-moselle-quelles-activites-et-sorties-sont-proposees-cet-ete-a-nancy-retrouvez-notre-programme","status":"publish","type":"post","link":"https:\/\/www.europesays.com\/fr\/145538\/","title":{"rendered":"Meurthe-et-Moselle. Quelles activit\u00e9s et sorties sont propos\u00e9es cet \u00e9t\u00e9 \u00e0 Nancy ? Retrouvez notre programme"},"content":{"rendered":"<p class=\"insetTitle\">La Plage des Deux Rives\u00a0: de l\u2019olympisme aux Ann\u00e9es folles<\/p>\n<p>Apr\u00e8s Paris 2024 qui a marqu\u00e9 l\u2019\u00e9dition de l\u2019an dernier, M\u00e9tro\u2019Folies, qui c\u00e9l\u00e8bre les Ann\u00e9es folles et <a href=\"https:\/\/www.estrepublicain.fr\/culture-loisirs\/2025\/04\/06\/style-lieux-monument-tout-ce-qu-il-y-a-a-savoir-sur-l-art-deco-a-nancy\" target=\"_blank\" rel=\"noopener\">l\u2019Art d\u00e9co,<\/a> aura-t-il le m\u00eame succ\u00e8s sur ces bords de Meurthe\u00a0? L\u2019ann\u00e9e olympique avait permis de donner, l\u2019\u00e9t\u00e9 pass\u00e9, une teinte sportive \u00e0 la quatri\u00e8me \u00e9dition de <a href=\"https:\/\/www.estrepublicain.fr\/culture-loisirs\/2025\/05\/01\/la-plage-des-2-rives-ouvrira-le-1er-juillet\" target=\"_blank\" rel=\"noopener\">la Plage des Deux Rives<\/a>. Dimensionn\u00e9es \u00e0 460 animations, 33\u00a0associations mobilis\u00e9es, ces deux mois pass\u00e9s sur les deux rives de Meurthe avaient conquis 137\u00a0000 visiteurs et 34\u00a0500 baigneurs. Un succ\u00e8s.<\/p>\n<p>D\u00e9marr\u00e9 au d\u00e9but du mois de mai, le nettoyage de la zone rive gauche a lanc\u00e9 le d\u00e9compte des pr\u00e9paratifs avant les trois coups pr\u00e9vus pour le 1er \u00a0juillet de la cinqui\u00e8me \u00e9dition de la manifestation. Jusqu\u2019au 31\u00a0ao\u00fbt, cet espace avec sept zones identifi\u00e9es devient un lieu de d\u00e9tente, d\u2019animations et de concert.<\/p>\n<p>H\u00e9ritage de la pr\u00e9c\u00e9dente \u00e9dition, le village olympique sera de nouveau de la partie avec ses nombreuses initiations, ses tournois (basket 3&#215;3 ou 5&#215;5, teqball, homeball\u2026) auxquels s\u2019ajouteront les animations du p\u00f4le nautiques (aviron, cano\u00eb). Un peu plus loin, la prairie de la M\u00e9chelle s\u2019ornera de parasols, transats, corolles.<\/p>\n<p>Les am\u00e9nagements le long de la promenade Aim\u00e9-Cesaire doivent raviver les pens\u00e9es de cet \u00e9crivain\u00a0: \u00ab\u00a0Jamais dans la balance de la connaissance, le poids de tous les mus\u00e9es du monde ne p\u00e8sera autant que l\u2019\u00e9tincelle de sympathie humaine.\u00a0\u00bb Le vivre ensemble en mode estival s\u2019interpr\u00e9tera, ici, du c\u00f4t\u00e9 de la rive droite avec l\u2019Oasis et sa piscine \u00e9ph\u00e9m\u00e8re de 25\u00a0m\u00e8tres, ainsi que l\u2019\u00e9co-zone et la for\u00eat Miyawaki, issue du projet \u00e9co-citoyen. Un d\u00e9ploiement ouvert \u00e0 tous, d\u2019autant que les activit\u00e9s propos\u00e9es seront, en acc\u00e8s illimit\u00e9, gratuitement. La guinguette de la plage reprendra ses quartiers d\u00e8s le 13\u00a0juin. Le programme quotidien des festivit\u00e9s est \u00e0 consulter sur le fil d\u00e9di\u00e9 (Facebook et Instagram\u00a0: La Plage des Deux Rives).<\/p>\n<p class=\"insetSignature\">A.H.<\/p>\n","protected":false},"excerpt":{"rendered":"La Plage des Deux Rives\u00a0: de l\u2019olympisme aux Ann\u00e9es folles Apr\u00e8s Paris 2024 qui a marqu\u00e9 l\u2019\u00e9dition de&hellip;\n","protected":false},"author":2,"featured_media":145539,"comment_status":"","ping_status":"","sticky":false,"template":"","format":"standard","meta":{"footnotes":""},"categories":[9635],"tags":[1111,11,5738,11679,1687,1704,1777,674,2271,3326,1011,27,775,873,1702,1703,12,2661,4043,25,953,3140,3365],"class_list":{"0":"post-145538","1":"post","2":"type-post","3":"status-publish","4":"format-standard","5":"has-post-thumbnail","7":"category-nancy","8":"tag-actu","9":"tag-actualites","10":"tag-bourses","11":"tag-brocantes","12":"tag-culture-loisirs","13":"tag-edition-nancy-et-agglomeration","14":"tag-eu","15":"tag-europe","16":"tag-exposition-arts-plastiques","17":"tag-fete-locale","18":"tag-fr","19":"tag-france","20":"tag-grand-est","21":"tag-musique","22":"tag-nancy","23":"tag-nancy-ville-54b","24":"tag-news","25":"tag-patrimoine-culturel","26":"tag-repas-et-the-dansant","27":"tag-republique-francaise","28":"tag-soiree","29":"tag-spectacle","30":"tag-vide-greniers"},"share_on_mastodon":{"url":"https:\/\/pubeurope.com\/@fr\/114611819826211197","error":""},"_links":{"self":[{"href":"https:\/\/www.europesays.com\/fr\/wp-json\/wp\/v2\/posts\/145538","targetHints":{"allow":["GET"]}}],"collection":[{"href":"https:\/\/www.europesays.com\/fr\/wp-json\/wp\/v2\/posts"}],"about":[{"href":"https:\/\/www.europesays.com\/fr\/wp-json\/wp\/v2\/types\/post"}],"author":[{"embeddable":true,"href":"https:\/\/www.europesays.com\/fr\/wp-json\/wp\/v2\/users\/2"}],"replies":[{"embeddable":true,"href":"https:\/\/www.europesays.com\/fr\/wp-json\/wp\/v2\/comments?post=145538"}],"version-history":[{"count":0,"href":"https:\/\/www.europesays.com\/fr\/wp-json\/wp\/v2\/posts\/145538\/revisions"}],"wp:featuredmedia":[{"embeddable":true,"href":"https:\/\/www.europesays.com\/fr\/wp-json\/wp\/v2\/media\/145539"}],"wp:attachment":[{"href":"https:\/\/www.europesays.com\/fr\/wp-json\/wp\/v2\/media?parent=145538"}],"wp:term":[{"taxonomy":"category","embeddable":true,"href":"https:\/\/www.europesays.com\/fr\/wp-json\/wp\/v2\/categories?post=145538"},{"taxonomy":"post_tag","embeddable":true,"href":"https:\/\/www.europesays.com\/fr\/wp-json\/wp\/v2\/tags?post=145538"}],"curies":[{"name":"wp","href":"https:\/\/api.w.org\/{rel}","templated":true}]}}