{"id":145548,"date":"2025-06-02T04:19:19","date_gmt":"2025-06-02T04:19:19","guid":{"rendered":"https:\/\/www.europesays.com\/fr\/145548\/"},"modified":"2025-06-02T04:19:19","modified_gmt":"2025-06-02T04:19:19","slug":"les-verts-lfi-grenoblois-vantent-la-sobriete-de-leurs-elus","status":"publish","type":"post","link":"https:\/\/www.europesays.com\/fr\/145548\/","title":{"rendered":"LES VERTS\/LFI GRENOBLOIS VANTENT LA \u00ab\u00a0SOBRI\u00c9T\u00c9\u00a0\u00bb DE LEURS \u00c9LUS&#8230;"},"content":{"rendered":"<p>Posted On 2 juin 2025 <\/p>\n<p style=\"text-align: justify;\">Les municipales approchent et on le sent \u00e0 la panique qui gagne la majorit\u00e9 municipale, qui se met \u00e0 \u00e9diter documents sur documents pour r\u00e9\u00e9crire l&rsquo;histoire de son bilan calamiteux sujet par sujet. Dernier en date : un livret sur la \u00ab\u00a0<a target=\"_blank\" href=\"https:\/\/www.grenobleencommun.fr\/wp-content\/uploads\/2025\/05\/Depuis-2014-Exercer-et-construire-la-democratie-locale-a-Grenoble-PDF.pdf\" rel=\"noopener\">d\u00e9mocratie locale<\/a>\u00ab\u00a0.<\/p>\n<p>LES VERTS\/LFI AFFIRMENT QU&rsquo;ILS CONSTRUISENT \u00ab\u00a0AVEC\u00a0\u00bb LES GRENOBLOIS&#8230;<\/p>\n<p style=\"text-align: justify;\">Sans honte, avec tout le cynisme qui les caract\u00e9rise et l&rsquo;absence de consid\u00e9ration pour la v\u00e9rit\u00e9, les Verts\/LFI se permettent tout. Le document d\u00e9marre tr\u00e8s fort avec un \u00e9dito qui explique que \u00ab\u00a0la ville se construit pour et avec les habitantes et les habitants. Les dispositifs de participation ont \u00e9volu\u00e9 sur le second mandat pour aller encore plus loin dans le \u201cfaire ensemble\u201d. On a bien vu cette construction \u00ab\u00a0avec\u00a0\u00bb, alors que jamais mandat n&rsquo;avait \u00e9t\u00e9 \u00e9maill\u00e9 <a href=\"https:\/\/grenoble-le-changement.fr\/2025\/05\/20\/la-majorite-municipale-menace-les-collectifs-qui-manifestent\/\" target=\"_blank\" rel=\"noopener\">d&rsquo;autant de mobilisations contre des projets impos\u00e9s<\/a>.<\/p>\n<p><a href=\"https:\/\/i1.wp.com\/grenoble-le-changement.fr\/wp-content\/uploads\/2024\/05\/1-Co-construire.png?ssl=1\" rel=\"lightbox[82356] noopener\" target=\"_blank\"><img loading=\"lazy\" decoding=\"async\" class=\" wp-image-73524 jetpack-lazy-image\" src=\"https:\/\/i1.wp.com\/grenoble-le-changement.fr\/wp-content\/uploads\/2024\/05\/1-Co-construire.png?resize=670%2C391&amp;ssl=1\" alt=\"\" width=\"670\" height=\"391\" data-recalc-dims=\"1\" data-lazy-src=\"https:\/\/www.europesays.com\/fr\/wp-content\/uploads\/2025\/06\/1-Co-construire.png\" \/><\/a>Engagement num\u00e9ro 1 de Piolle en 2014 : co-construire les projets avec les habitants. Aujourd&rsquo;hui dans tous les quartiers (Berriat, Jeanne d&rsquo;Arc, Place de Metz, Notre-Dame&#8230;), les projets se font contre<br \/>\n&#8230; ALORS QU&rsquo;ILS TRAINENT DANS LA BOUE CEUX QUI NE PENSENT PAS PAREIL<\/p>\n<p style=\"text-align: justify;\">La v\u00e9rit\u00e9, c&rsquo;est que cette municipalit\u00e9 s&rsquo;est emmur\u00e9e dans une logique de passage en force co\u00fbte que co\u00fbte, quitte \u00e0 faire \u00ab\u00a0contre\u00a0\u00bb les Grenoblois justement. Et pour aller au bout de ses dogmes, elle est pr\u00eate \u00e0 employer les pires m\u00e9thodes : nous en sommes d\u00e9sormais au stade o\u00f9 ceux qui se mobilisent l\u00e9gitimement contre des projets qui impactent leur vie quotidienne <a href=\"https:\/\/grenoble-le-changement.fr\/2025\/05\/25\/municipales-les-piollistes-se-vautrent-dans-lhypocrisie-et-loutrance\/\" target=\"_blank\" rel=\"noopener\">sont syst\u00e9matiquement trait\u00e9s d&rsquo;opposants politiques, accus\u00e9s de \u00ab\u00a0trumpiser\u00a0\u00bb le d\u00e9bat<\/a>. Voil\u00e0 o\u00f9 en est la \u00ab\u00a0co-construction\u00a0\u00bb.\u00a0<\/p>\n<p>ILS SONT FIERS DE LEURS USINES \u00c0 GAZ&#8230;<\/p>\n<p style=\"text-align: justify;\">Les Piollistes poursuivent en martelant que leur action ces 10 derni\u00e8res ann\u00e9es a \u00ab\u00a0facilit\u00e9 l&rsquo;interpellation des \u00e9lus par les citoyens\u00a0\u00bb. Preuve \u00e0 l&rsquo;appui : ils d\u00e9veloppent pour cela le fonctionnement de <a href=\"https:\/\/grenoble-le-changement.fr\/2022\/07\/17\/interpellation-citoyenne-labsence-de-resultats-confirmee\/\" target=\"_blank\" rel=\"noopener\">leur dispositif d&rsquo;interpellation usine \u00e0 gaz,<\/a> o\u00f9 il faut 50 signatures pour obtenir une simple r\u00e9union avec les \u00e9lus concern\u00e9s par votre sujet, et 8000 signatures pour d\u00e9clencher un r\u00e9f\u00e9rendum des Grenoblois qui n\u00e9cessitera&#8230; 16 000 suffrages en votre faveur pour \u00eatre valide !<\/p>\n<p>&#8230; ALORS QUE LES GRENOBLOIS N&rsquo;ONT JAMAIS \u00c9T\u00c9 AUSSI PEU \u00c9COUT\u00c9S<\/p>\n<p style=\"text-align: justify;\">Personne n&rsquo;a jamais atteint le seuil des 8000 donc ne parlons m\u00eame pas des 16 000. Le dispositif a \u00e9t\u00e9 pens\u00e9, \u00e9labor\u00e9 pour emp\u00eacher les Grenoblois d&rsquo;avoir une quelconque prise sur l&rsquo;action municipale tout en leur donnant l&rsquo;illusion qu&rsquo;ils sont \u00e9cout\u00e9s mais les seuils ne sont pas atteignables par des citoyens normaux. Rien ne sort des fameuses r\u00e9unions de \u00ab\u00a0m\u00e9diation\u00a0\u00bb. Et maintenant qu&rsquo;il faut 49 autres signataires pour esp\u00e9rer \u00eatre re\u00e7u pour le moindre sujet, les courriers et interpellations sans r\u00e9ponses se multiplient. Jamais les Grenoblois n&rsquo;avaient \u00e9t\u00e9 aussi peu \u00e9cout\u00e9s.<\/p>\n<p><a href=\"https:\/\/i1.wp.com\/grenoble-le-changement.fr\/wp-content\/uploads\/2023\/11\/Interpellation-citoyenne-3.png?ssl=1\" rel=\"lightbox[82356] noopener\" target=\"_blank\"><img loading=\"lazy\" decoding=\"async\" class=\" wp-image-70150 jetpack-lazy-image\" src=\"https:\/\/i1.wp.com\/grenoble-le-changement.fr\/wp-content\/uploads\/2023\/11\/Interpellation-citoyenne-3.png?resize=678%2C601&amp;ssl=1\" alt=\"\" width=\"678\" height=\"601\" data-recalc-dims=\"1\" data-lazy-src=\"https:\/\/www.europesays.com\/fr\/wp-content\/uploads\/2025\/06\/Interpellation-citoyenne-3.png\" \/><\/a>Le dispositif \u00ab\u00a0d&rsquo;interpellation citoyenne\u00a0\u00bb \u00e0 Grenoble. Admirez l&rsquo;usine \u00e0 gaz.<br \/>\nLES VERTS\/LFI ONT TH\u00c9ORIS\u00c9 L&rsquo;\u00c9LOIGNEMENT DU CITOYEN<\/p>\n<p style=\"text-align: justify;\">On est dans la droite lign\u00e9e de l&rsquo;\u00e9loignement des \u00e9lus th\u00e9oris\u00e9 par les Verts\/LFI : les adjoints de secteur d\u00e9sign\u00e9s par Piolle sont ainsi choisis justement parce qu&rsquo;ils n&rsquo;habitent pas leur secteur de tutelle, pour ne pas risquer de tomber sur des voisins qui leur feraient remonter le r\u00e9el et risqueraient de les faire changer de point de vue en les \u00e9loignant de <a href=\"https:\/\/grenoble-le-changement.fr\/2023\/10\/25\/piolle-absent-comment-grenoble-est-geree-par-ses-collaborateurs\/\" target=\"_blank\" rel=\"noopener\">la ligne municipale officielle<\/a> ! La logique dogmatique est pouss\u00e9e \u00e0 l&rsquo;extr\u00eame.<\/p>\n<p>BUDGET PARTICIPATIF : LE VERROUILLAGE EST DE MISE AUSSI<\/p>\n<p style=\"text-align: justify;\">Le budget participatif est \u00e9videmment beaucoup vant\u00e9 par la majorit\u00e9, puisqu&rsquo;il s&rsquo;agit l\u00e0 encore d&rsquo;un dispositif d&rsquo;illusionniste : le r\u00e8glement permet \u00e0 la municipalit\u00e9 de choisir pr\u00e9cis\u00e9ment ce qu&rsquo;elle autorise (elle a par exemple retoqu\u00e9<a href=\"https:\/\/grenoble-le-changement.fr\/2025\/03\/22\/lac-de-la-villeneuve-passage-en-force-avant-les-municipales\/\" target=\"_blank\" rel=\"noopener\"> le contre projet de lac de la villeneuve pourtant arriv\u00e9 en t\u00eate des votes<\/a>), pour ne laisser passer que des id\u00e9es purement gadgets pendant que les grands am\u00e9nagements qui impactent vraiment la vie ne sont eux jamais soumis \u00e0 concertation.<\/p>\n<p>UN GADGET POUR L&rsquo;\u00c9LECTORAT VERT<\/p>\n<p style=\"text-align: justify;\">Un dispositif gadget <a href=\"https:\/\/grenoble-le-changement.fr\/2024\/12\/18\/budget-participatif-a-grenoble-lechec-de-la-fausse-democratie-citoyenne\/\" target=\"_blank\" rel=\"noopener\">qui n&rsquo;a d&rsquo;ailleurs jamais trouv\u00e9 son public<\/a>, comme le pointait un rapport \u00e9dit\u00e9 apr\u00e8s 8 \u00e9ditions. Les Grenoblois le boudent massivement avec un pic de participation \u00e0 &#8230; moins de 5% de la population \u00e9ligible en 2019. Le doctorant auteur du rapport pour le compte de la ville pointait le manque de diversit\u00e9 parmi les participants, largement issus de milieux favoris\u00e9s, \u00e0 fort capital social, tandis que les quartiers populaires restent marginalis\u00e9s. Bref : les \u00ab\u00a0bobos\u00a0\u00bb, coeur de cible \u00e9lectoral des Verts.<\/p>\n<p><a href=\"https:\/\/i1.wp.com\/grenoble-le-changement.fr\/wp-content\/uploads\/2024\/12\/budget-parti.png?ssl=1\" rel=\"lightbox[82356] noopener\" target=\"_blank\"><img loading=\"lazy\" decoding=\"async\" class=\" wp-image-78642 jetpack-lazy-image\" src=\"https:\/\/i1.wp.com\/grenoble-le-changement.fr\/wp-content\/uploads\/2024\/12\/budget-parti.png?resize=569%2C677&amp;ssl=1\" alt=\"\" width=\"569\" height=\"677\" data-recalc-dims=\"1\" data-lazy-src=\"https:\/\/www.europesays.com\/fr\/wp-content\/uploads\/2025\/06\/budget-parti.png\" \/><\/a>Le centre-ville et le secteur Berriat tr\u00e8s \u00ab\u00a0bobo\u00a0\u00bb, \u00e9lectoralement favorables aux Verts, sont sur repr\u00e9sent\u00e9s au budget participatif. Les quartiers p\u00e9riph\u00e9riques et populaires sont marginaux<br \/>\n\u00c9LUS : UNE \u00ab\u00a0SOBRI\u00c9T\u00c9 EXEMPLAIRE\u00a0\u00bb<\/p>\n<p style=\"text-align: justify;\">Mais la partie du livret de propagande la plus hypocrite est sans conteste celle qui vante \u00ab\u00a0une sobri\u00e9t\u00e9 exemplaire\u00a0\u00bb des \u00e9lus. En fustigeant au passage \u00ab\u00a0le faste\u00a0\u00bb de l&rsquo;Elys\u00e9e ou de la R\u00e9gion Auvergne-Rh\u00f4ne-Alpes (r\u00e9gion reconnue comme la mieux g\u00e9r\u00e9e de France avec des \u00e9conomies massives, des investissements records, sans toucher aux imp\u00f4ts : <a href=\"https:\/\/grenoble-le-changement.fr\/2024\/11\/01\/grenoble-une-ville-financierement-asphyxiee-premiere-pour-limpot\/\" target=\"_blank\" rel=\"noopener\">on aimerait que Grenoble s&rsquo;en inspire<\/a>). Ils parlent de la fin des voitures de service des \u00e9lus, alors que 10 ans apr\u00e8s les dizaines de photos du maire \u00e0 v\u00e9lo et ses d\u00e9clarations enflamm\u00e9es contre la voiture, celui-ci <a href=\"https:\/\/grenoble-le-changement.fr\/2023\/11\/12\/la-voiture-le-chauffeur-et-eric-piolle\/\" target=\"_blank\" rel=\"noopener\">avait reconnu du bout des l\u00e8vres avoir encore recours \u00e0 un v\u00e9hicule avec chauffeur<\/a>&#8230;<\/p>\n<p><img decoding=\"async\" data-id=\"82369\" src=\"https:\/\/i0.wp.com\/grenoble-le-changement.fr\/wp-content\/uploads\/2025\/06\/sobriete-doc-democratie-locale.png?w=678&amp;ssl=1\" alt=\"\" class=\"wp-image-82369 jetpack-lazy-image\" data-recalc-dims=\"1\" data-lazy-src=\"https:\/\/www.europesays.com\/fr\/wp-content\/uploads\/2025\/06\/sobriete-doc-democratie-locale.png\" \/><\/p>\n<p><img decoding=\"async\" data-id=\"74830\" src=\"https:\/\/i2.wp.com\/grenoble-le-changement.fr\/wp-content\/uploads\/2024\/07\/affaire-piolle-martin-lsourt.jpg?w=678&amp;ssl=1\" alt=\"\" class=\"wp-image-74830 jetpack-lazy-image\" data-recalc-dims=\"1\" data-lazy-src=\"https:\/\/www.europesays.com\/fr\/wp-content\/uploads\/2025\/06\/affaire-piolle-martin-lsourt.jpg\" \/><br \/>\n\u00c0 gauche le document sur la d\u00e9mocratie locale avec l&rsquo;adjointe \u00e0 l&rsquo;urbanisme Margot Belair (Verts) et le conseiller d\u00e9l\u00e9gu\u00e9 \u00e0 l&rsquo;\u00e9cole du v\u00e9lo Djamel Wazizi (Verts\/LFI) en illustration de la \u00ab\u00a0sobri\u00e9t\u00e9 exemplaire\u00a0\u00bb&#8230; on comprend pourquoi ils n&rsquo;ont pas illustr\u00e9 par une photo de Piolle et Elisa Martin<\/p>\n<p>\u00ab\u00a010 ANS DE TRANSPARENCE ET DE SOBRI\u00c9T\u00c9\u00a0\u00bb&#8230; AVEC L&rsquo;AFFAIRE PIOLLE \/ MARTIN<\/p>\n<p style=\"text-align: justify;\">&#8230; et surtout, les propagandistes municipaux osent parler de \u00ab\u00a010 ANS DE TRANSPARENCE ET DE SOBRI\u00c9T\u00c9\u00a0\u00bb en \u00e9voquant la baisse des indemnit\u00e9s des \u00e9lus (d&rsquo;ailleurs fausse puisqu&rsquo;ils avaient augment\u00e9 celles de la m\u00e9tro en parall\u00e8le pour compenser). Le culot ne les \u00e9touffe pas, <a href=\"https:\/\/grenoble-le-changement.fr\/2025\/05\/30\/affaires-piolle-la-patronne-des-verts-dans-la-tourmente-avec-lui\/\" target=\"_blank\" rel=\"noopener\">alors que l&rsquo;affaire Piolle\/Martin refait l&rsquo;actualit\u00e9 et gagne en ampleur<\/a>, le fond du sujet \u00e9tant justement une accusation de perception ill\u00e9gale d&rsquo;argent public au black qui r\u00e9sulterait d&rsquo;une magouille entre le Maire et son ex 1\u00e8re adjointe aujourd&rsquo;hui D\u00e9put\u00e9e pour compenser sa perte d&rsquo;indemnit\u00e9s.<\/p>\n<p>COMBATTRE LA D\u00c9SINFORMATION<\/p>\n<p style=\"text-align: justify;\">Les Verts\/LFI savent ce qu&rsquo;ils font en \u00e9ditant de pareils livrets pour r\u00e9\u00e9crire l&rsquo;histoire de leurs 10 ans de gestion \u00e0 Grenoble, en travestissant leurs objectifs et leurs m\u00e9thodes pour se vendre sous le meilleur jour. Ils savent que leur meilleur alli\u00e9 reste le manque d&rsquo;information de nombre de Grenoblois sur le fonctionnement municipal, ce qui laisse la porte grande ouverte \u00e0 la d\u00e9sinformation.<\/p>\n<p style=\"text-align: justify;\">Il appartient \u00e0 ceux qui souhaitent rompre avec ce fonctionnement d&rsquo;informer un maximum de personnes, et vous pouvez commencer \u00e0 le faire \u00e0 votre niveau en partageant nos articles et en diffusant les informations de l&rsquo;opposition \u00e0 vos contacts.<\/p>\n","protected":false},"excerpt":{"rendered":"Posted On 2 juin 2025 Les municipales approchent et on le sent \u00e0 la panique qui gagne la&hellip;\n","protected":false},"author":2,"featured_media":145549,"comment_status":"","ping_status":"","sticky":false,"template":"","format":"standard","meta":{"footnotes":""},"categories":[9566],"tags":[1111,11,2430,27447,10131,9607,1777,674,1011,27,2731,10613,12,25],"class_list":{"0":"post-145548","1":"post","2":"type-post","3":"status-publish","4":"format-standard","5":"has-post-thumbnail","7":"category-grenoble","8":"tag-actu","9":"tag-actualites","10":"tag-auvergne-rhone-alpes","11":"tag-djamel-wazizi","12":"tag-elisa-martin","13":"tag-eric-piolle","14":"tag-eu","15":"tag-europe","16":"tag-fr","17":"tag-france","18":"tag-grenoble","19":"tag-margot-belair","20":"tag-news","21":"tag-republique-francaise"},"share_on_mastodon":{"url":"https:\/\/pubeurope.com\/@fr\/114611851426978319","error":""},"_links":{"self":[{"href":"https:\/\/www.europesays.com\/fr\/wp-json\/wp\/v2\/posts\/145548","targetHints":{"allow":["GET"]}}],"collection":[{"href":"https:\/\/www.europesays.com\/fr\/wp-json\/wp\/v2\/posts"}],"about":[{"href":"https:\/\/www.europesays.com\/fr\/wp-json\/wp\/v2\/types\/post"}],"author":[{"embeddable":true,"href":"https:\/\/www.europesays.com\/fr\/wp-json\/wp\/v2\/users\/2"}],"replies":[{"embeddable":true,"href":"https:\/\/www.europesays.com\/fr\/wp-json\/wp\/v2\/comments?post=145548"}],"version-history":[{"count":0,"href":"https:\/\/www.europesays.com\/fr\/wp-json\/wp\/v2\/posts\/145548\/revisions"}],"wp:featuredmedia":[{"embeddable":true,"href":"https:\/\/www.europesays.com\/fr\/wp-json\/wp\/v2\/media\/145549"}],"wp:attachment":[{"href":"https:\/\/www.europesays.com\/fr\/wp-json\/wp\/v2\/media?parent=145548"}],"wp:term":[{"taxonomy":"category","embeddable":true,"href":"https:\/\/www.europesays.com\/fr\/wp-json\/wp\/v2\/categories?post=145548"},{"taxonomy":"post_tag","embeddable":true,"href":"https:\/\/www.europesays.com\/fr\/wp-json\/wp\/v2\/tags?post=145548"}],"curies":[{"name":"wp","href":"https:\/\/api.w.org\/{rel}","templated":true}]}}