{"id":145553,"date":"2025-06-02T04:23:20","date_gmt":"2025-06-02T04:23:20","guid":{"rendered":"https:\/\/www.europesays.com\/fr\/145553\/"},"modified":"2025-06-02T04:23:20","modified_gmt":"2025-06-02T04:23:20","slug":"toute-lactu-top-music-trois-nouvelles-destinations-en-tgv-direct-au-depart-de-strasbourg-cet-ete","status":"publish","type":"post","link":"https:\/\/www.europesays.com\/fr\/145553\/","title":{"rendered":"Toute l&rsquo;actu Top Music &#8211; Trois nouvelles destinations en TGV direct au d\u00e9part de Strasbourg cet \u00e9t\u00e9 !"},"content":{"rendered":"\n<p>Strasbourg sera cet \u00e9t\u00e9 le point de d\u00e9part de trois nouvelles liaisons TGV directes \u00e0 destination de La Rochelle, Quimper et Perpignan. Cette offre saisonni\u00e8re, mise en place par la SNCF, s&rsquo;\u00e9tendra du <strong>5 juillet au 31 ao\u00fbt<\/strong>, avec des circulations pr\u00e9vues <strong>les samedis et dimanches<\/strong>. Avec un objectif : faciliter les d\u00e9parts en vacances depuis le Grand Est, sans correspondance.<\/p>\n<p><strong>Trois lignes, trois ambiances<\/strong><\/p>\n<p>La premi\u00e8re nouveaut\u00e9 concerne la fa\u00e7ade atlantique. <strong>Un TGV Inou\u00ef reliera Strasbourg \u00e0 La Rochelle<\/strong> chaque week-end, avec un aller le samedi et un retour le dimanche. Ce train desservira notamment les gares de Lorraine TGV, Champagne-Ardenne TGV et Roissy 2 TGV, permettant une connexion facile \u00e0 de nombreux points du r\u00e9seau.<\/p>\n<p>Cap \u00e0 l\u2019ouest \u00e9galement avec une autre destination estivale appr\u00e9ci\u00e9e : <strong>Quimper<\/strong>. Le TGV circulera uniquement le week-end \u2014 un aller le samedi, un retour le dimanche \u2014 avec des arr\u00eats \u00e0 Meuse TGV, Le Mans, Rennes, Vannes ou encore Lorient. Une liaison pratique pour rejoindre la Bretagne sud sans changement.<\/p>\n<p>Enfin, pour les amateurs de M\u00e9diterran\u00e9e, la <strong>ligne directe Strasbourg\u2013Perpignan<\/strong> sera mise en service du <strong>12 juillet au 31 ao\u00fbt<\/strong>. L\u00e0 encore, les d\u00e9parts auront lieu le samedi, les retours le dimanche. Le trajet durera un peu plus de huit heures, avec des arr\u00eats \u00e0 Colmar, Mulhouse, Dijon, Lyon ou encore Montpellier, S\u00e8te et Narbonne.<\/p>\n","protected":false},"excerpt":{"rendered":"Strasbourg sera cet \u00e9t\u00e9 le point de d\u00e9part de trois nouvelles liaisons TGV directes \u00e0 destination de La&hellip;\n","protected":false},"author":2,"featured_media":145554,"comment_status":"","ping_status":"","sticky":false,"template":"","format":"standard","meta":{"footnotes":""},"categories":[2820],"tags":[1111,11,16162,814,27337,2883,1777,674,1011,27,775,27448,12,8219,25,2215,640,2214,5811,2528],"class_list":{"0":"post-145553","1":"post","2":"type-post","3":"status-publish","4":"format-standard","5":"has-post-thumbnail","7":"category-strasbourg","8":"tag-actu","9":"tag-actualites","10":"tag-departs","11":"tag-direct","12":"tag-estivales","13":"tag-ete","14":"tag-eu","15":"tag-europe","16":"tag-fr","17":"tag-france","18":"tag-grand-est","19":"tag-liaisons","20":"tag-news","21":"tag-nouveautes","22":"tag-republique-francaise","23":"tag-sncf","24":"tag-strasbourg","25":"tag-tgv","26":"tag-trains","27":"tag-vacances"},"share_on_mastodon":{"url":"https:\/\/pubeurope.com\/@fr\/114611867082313720","error":""},"_links":{"self":[{"href":"https:\/\/www.europesays.com\/fr\/wp-json\/wp\/v2\/posts\/145553","targetHints":{"allow":["GET"]}}],"collection":[{"href":"https:\/\/www.europesays.com\/fr\/wp-json\/wp\/v2\/posts"}],"about":[{"href":"https:\/\/www.europesays.com\/fr\/wp-json\/wp\/v2\/types\/post"}],"author":[{"embeddable":true,"href":"https:\/\/www.europesays.com\/fr\/wp-json\/wp\/v2\/users\/2"}],"replies":[{"embeddable":true,"href":"https:\/\/www.europesays.com\/fr\/wp-json\/wp\/v2\/comments?post=145553"}],"version-history":[{"count":0,"href":"https:\/\/www.europesays.com\/fr\/wp-json\/wp\/v2\/posts\/145553\/revisions"}],"wp:featuredmedia":[{"embeddable":true,"href":"https:\/\/www.europesays.com\/fr\/wp-json\/wp\/v2\/media\/145554"}],"wp:attachment":[{"href":"https:\/\/www.europesays.com\/fr\/wp-json\/wp\/v2\/media?parent=145553"}],"wp:term":[{"taxonomy":"category","embeddable":true,"href":"https:\/\/www.europesays.com\/fr\/wp-json\/wp\/v2\/categories?post=145553"},{"taxonomy":"post_tag","embeddable":true,"href":"https:\/\/www.europesays.com\/fr\/wp-json\/wp\/v2\/tags?post=145553"}],"curies":[{"name":"wp","href":"https:\/\/api.w.org\/{rel}","templated":true}]}}