{"id":145561,"date":"2025-06-02T04:30:20","date_gmt":"2025-06-02T04:30:20","guid":{"rendered":"https:\/\/www.europesays.com\/fr\/145561\/"},"modified":"2025-06-02T04:30:20","modified_gmt":"2025-06-02T04:30:20","slug":"exposee-a-bordeaux-une-oeuvre-de-fernand-leger-deconstruit-les-cliches-misogynes-et-colonialistes-dans-lart","status":"publish","type":"post","link":"https:\/\/www.europesays.com\/fr\/145561\/","title":{"rendered":"Expos\u00e9e \u00e0 Bordeaux, une \u0153uvre de Fernand L\u00e9ger d\u00e9construit les clich\u00e9s misogynes et colonialistes dans l&rsquo;art"},"content":{"rendered":"<p class=\"wp-block-post-excerpt__excerpt\">Dans le cadre de la troisi\u00e8me \u00e9dition de Collector, Bordeaux accueille au Jardin botanique Les Femmes au Perroquet, un bas-relief en bronze sign\u00e9 Fernand L\u00e9ger. Le th\u00e8me, historiquement associ\u00e9 \u00e0 une repr\u00e9sentation \u00e9rotis\u00e9e et passive de la femme, est ici r\u00e9interpr\u00e9t\u00e9 pour c\u00e9l\u00e9brer la puissance f\u00e9minine et l\u2019harmonie avec la nature. Une \u0153uvre r\u00e9solument avant-gardiste, presque \u00ab\u00a0woke\u00a0\u00bb avant l\u2019heure. <\/p>\n<p><a href=\"https:\/\/rue89bordeaux.com\/category\/analyse\/\" rel=\"tag noopener\" target=\"_blank\">Analyse<\/a>, <a href=\"https:\/\/rue89bordeaux.com\/category\/kiosque-abonne\/\" rel=\"tag noopener\" target=\"_blank\">\u00c9dition abonn\u00e9s<\/a><\/p>\n<p>Walid Salem<\/p>\n<p>Publi\u00e9 le 2 juin 2025\u00a0\u00a0\u00b7\u00a0\u00a0<\/p>\n<p>Imprim\u00e9 le 2 juin 2025 \u00e0 06h30\u00a0\u00a0\u00b7\u00a0\u00a0<\/p>\n<p>\t\t\t\t\t5\u00a0minutes\n<\/p>\n<p>Vendredi 23 mai, la troisi\u00e8me \u00e9dition de l\u2019exposition Collector a \u00e9t\u00e9 inaugur\u00e9e au Jardin botanique o\u00f9 une quinzaine d\u2019\u0153uvres d\u2019art sont visibles jusqu\u2019au 21 septembre 2025. Parmi elles, Les Femmes au Perroquet de Fernand L\u00e9ger (1881-1955), une \u0153uvre ma\u00eetresse du peintre fran\u00e7ais consid\u00e9r\u00e9 comme l\u2019une des plus grandes figures internationales de l\u2019art moderne.<\/p>\n<p>Il s\u2019agit d\u2019un bas-relief en bronze creux moul\u00e9 de dimensions imposantes (370 x 525 cm), un des nombreux exemplaires \u2013 et des nombreuses d\u00e9clinaisons \u2013 qui ont \u00e9t\u00e9 r\u00e9alis\u00e9s dans les ann\u00e9es 50. Il est pr\u00eat\u00e9 par la collectionneuse Dominique Haim \u00e0 la ville pour trois ans.<\/p>\n<p>\t\tExotisme et \u00e9rotisme <\/p>\n<p>Le th\u00e8me de \u00ab\u00a0La Femme au perroquet\u00a0\u00bb traverse l\u2019histoire de l\u2019art depuis la Renaissance, voire l\u2019Antiquit\u00e9, et a \u00e9t\u00e9 investi par des artistes de traditions tr\u00e8s diff\u00e9rentes. Il fait partie des sujets recherch\u00e9s qui interpr\u00e8tent le regard masculin port\u00e9 sur la femme.<\/p>\n<p><img loading=\"lazy\" decoding=\"async\" width=\"480\" height=\"480\" src=\"https:\/\/www.europesays.com\/fr\/wp-content\/uploads\/2025\/04\/23-paywall.png\" alt=\"Abonnez-vous\" class=\"wp-image-128439\" style=\"aspect-ratio:1;width:210px;height:auto\"  \/><\/p>\n<p>Cet article fait partie de l\u2019\u00e9dition abonn\u00e9s. Pour lire la suite, profitez d\u2019une offre d\u00e9couverte \u00e0 1\u20ac.<\/p>\n<p class=\"has-gray-700-color has-text-color has-medium-font-size\">Contribuez \u00e0 consolider un m\u00e9dia ind\u00e9pendant \u00e0 Bordeaux, en capacit\u00e9 d\u2019enqu\u00eater sur les enjeux locaux.<\/p>\n<p>\t\t\t<a href=\"https:\/\/rue89bordeaux.com\/\" class=\"custom-logo-link\" rel=\"home noopener\" target=\"_blank\"><img loading=\"lazy\" decoding=\"async\" width=\"290\" height=\"49\" src=\"https:\/\/www.europesays.com\/fr\/wp-content\/uploads\/2025\/04\/logo.png\" class=\"custom-logo\" alt=\"Rue89Bordeaux Enqu\u00eates et informations de proximit\u00e9\"  \/><\/a><\/p>\n<p>\n\t\t\t\tAbonnez-vous maintenant pour suivre l\u2019actualit\u00e9 locale.\t\t\t<\/p>\n<p class=\"font-bold font-serif-heading mb-2 text-4xl\">\n\t\t\t\t\t\tL\u2019investigation locale \u00e0 port\u00e9e de main.\n\t\t\t\t\t<\/p>\n<p>\n\t\t\t\t\t\tAbonnez-vous et profitez d\u2019un acc\u00e8s illimit\u00e9 \u00e0 Rue89Bordeaux. Annulez quand vous voulez.\n\t\t\t\t\t<\/p>\n<p class=\"xl:text-sm\">\n\t\t\t\t\tD\u00e9j\u00e0 abonn\u00e9\u00a0?<br \/>\n\t\t\t\t\t<a class=\"border border-transparent text-center transition-colors duration-instant focus:border-info focus:rounded focus:shadow-focus cursor-pointer text-black hover:text-gray-700 active:bg-black-700 font-semibold inline-block\" href=\"https:\/\/rue89bordeaux.com\/user\/login\/?redirect=\/2025\/06\/un-chef-doeuvre-de-fernand-leger-expose-a-bordeaux-demonte-la-misogynie-dans-lart\/\" target=\"_blank\" rel=\"noopener\">Connectez-vous<\/a>\t\t\t\t<\/p>\n<p>\n\t\t\t\tChoisissez votre formule\u00a0:\n\t\t\t<\/p>\n<p>\t\t\t\tFermer<\/p>\n","protected":false},"excerpt":{"rendered":"Dans le cadre de la troisi\u00e8me \u00e9dition de Collector, Bordeaux accueille au Jardin botanique Les Femmes au Perroquet,&hellip;\n","protected":false},"author":2,"featured_media":145562,"comment_status":"","ping_status":"","sticky":false,"template":"","format":"standard","meta":{"footnotes":""},"categories":[2817],"tags":[1111,11,1997,251,1777,674,1011,27,27450,12,2219,25,3899],"class_list":{"0":"post-145561","1":"post","2":"type-post","3":"status-publish","4":"format-standard","5":"has-post-thumbnail","7":"category-bordeaux","8":"tag-actu","9":"tag-actualites","10":"tag-bordeaux","11":"tag-culture","12":"tag-eu","13":"tag-europe","14":"tag-fr","15":"tag-france","16":"tag-jardin-botanique","17":"tag-news","18":"tag-nouvelle-aquitaine","19":"tag-republique-francaise","20":"tag-sculpture"},"share_on_mastodon":{"url":"https:\/\/pubeurope.com\/@fr\/114611894623316936","error":""},"_links":{"self":[{"href":"https:\/\/www.europesays.com\/fr\/wp-json\/wp\/v2\/posts\/145561","targetHints":{"allow":["GET"]}}],"collection":[{"href":"https:\/\/www.europesays.com\/fr\/wp-json\/wp\/v2\/posts"}],"about":[{"href":"https:\/\/www.europesays.com\/fr\/wp-json\/wp\/v2\/types\/post"}],"author":[{"embeddable":true,"href":"https:\/\/www.europesays.com\/fr\/wp-json\/wp\/v2\/users\/2"}],"replies":[{"embeddable":true,"href":"https:\/\/www.europesays.com\/fr\/wp-json\/wp\/v2\/comments?post=145561"}],"version-history":[{"count":0,"href":"https:\/\/www.europesays.com\/fr\/wp-json\/wp\/v2\/posts\/145561\/revisions"}],"wp:featuredmedia":[{"embeddable":true,"href":"https:\/\/www.europesays.com\/fr\/wp-json\/wp\/v2\/media\/145562"}],"wp:attachment":[{"href":"https:\/\/www.europesays.com\/fr\/wp-json\/wp\/v2\/media?parent=145561"}],"wp:term":[{"taxonomy":"category","embeddable":true,"href":"https:\/\/www.europesays.com\/fr\/wp-json\/wp\/v2\/categories?post=145561"},{"taxonomy":"post_tag","embeddable":true,"href":"https:\/\/www.europesays.com\/fr\/wp-json\/wp\/v2\/tags?post=145561"}],"curies":[{"name":"wp","href":"https:\/\/api.w.org\/{rel}","templated":true}]}}