{"id":145569,"date":"2025-06-02T04:35:29","date_gmt":"2025-06-02T04:35:29","guid":{"rendered":"https:\/\/www.europesays.com\/fr\/145569\/"},"modified":"2025-06-02T04:35:29","modified_gmt":"2025-06-02T04:35:29","slug":"rockypop-ouvre-a-marseille","status":"publish","type":"post","link":"https:\/\/www.europesays.com\/fr\/145569\/","title":{"rendered":"RockyPop ouvre \u00e0 Marseille"},"content":{"rendered":"<p>\t\t\t\t\t\t\t\t\t\tRockyPop ouvre \u00e0 Marseille<\/p>\n<p><\/p>\n<p>\t\t\t\t\t\t\t\t\t\t\t<a href=\"https:\/\/www.europesays.com\/fr\/wp-content\/uploads\/2025\/06\/Rockypop.jpg\" class=\"lightbox-photo\" title=\"\"><img decoding=\"async\" src=\"https:\/\/www.europesays.com\/fr\/wp-content\/uploads\/2025\/06\/Rockypop.jpg\" alt=\"\" width=\"865\" style=\"width:865px;box-shadow: 0px 0px 10px 1px rgba(0,0,0,1);\"\/><\/a><\/p>\n<p>\t\t\t\t\t\t\t\t\t\t&#13;<br \/>\n\t\t\t\t\t\t\t\t\t\t&#13;<br \/>\n\t\t\t\t\t\t\t\t\t\t\t&#13;<br \/>\n\t\t\t\t\t\t\t\t\t\t\t30 mai 2025\t\t\t\t\t\t\t\t\t\t\t\u00a0\u00a0&#13;<br \/>\n\t\t\t\t\t\t\t\t\t\t\t&#13;<br \/>\n\t\t\t\t\t\t\t\t\t\t\t<a href=\"https:\/\/www.laquotidienne.fr\/author\/preibec\/\" title=\"Articles par R\u00e9daction\" rel=\"author noopener\" target=\"_blank\">R\u00e9daction<\/a>\u00a0\u00a0&#13;<br \/>\n\t\t\t\t\t\t\t\t\t\t\t&#13;<br \/>\n\t\t\t\t\t\t\t\t\t\t\t&#13;<br \/>\n\t\t\t\t\t\t\t\t\t\t\t<a href=\"#comments\" class=\"scrollTo item-meta-i\"><\/a><a href=\"https:\/\/www.laquotidienne.fr\/rockypop-ouvre-a-marseille\/#respond\" target=\"_blank\" rel=\"noopener\">Aucun commentaire<\/a>\u00a0\u00a0&#13;<br \/>\n\t\t\t\t\t\t\t\t\t\t\t&#13;<br \/>\n\t\t\t\t\t\t\t\t\t\t\t<a href=\"https:\/\/www.laquotidienne.fr\/rubrique\/weekend\/dormir-we\/\" rel=\"category tag noopener\" target=\"_blank\">Dormir<\/a>, <a href=\"https:\/\/www.laquotidienne.fr\/rubrique\/hotellerie\/\" rel=\"category tag noopener\" target=\"_blank\">Hotellerie<\/a>\u00a0\u00a0&#13;<br \/>\n\t\t\t\t\t\t\t\t\t\t\t&#13;<br \/>\n\t\t\t\t\t\t\t\t\t\t\t\u00a0<a href=\"https:\/\/www.laquotidienne.fr\/tag\/leslie-gauthier\/\" rel=\"tag noopener\" target=\"_blank\">Leslie Gauthier<\/a>, <a href=\"https:\/\/www.laquotidienne.fr\/tag\/provence\/\" rel=\"tag noopener\" target=\"_blank\">Provence<\/a>, <a href=\"https:\/\/www.laquotidienne.fr\/tag\/rockypop-marseille\/\" rel=\"tag noopener\" target=\"_blank\">RockyPop Marseille<\/a>\u00a0\u00a0&#13;<br \/>\n\t\t\t\t\t\t\t\t\t\t\t&#13;<br \/>\n\t\t\t\t\t\t\t\t\t\t\t\t\t\t\t\t\t\t\t\t\t\t\t\u00a01241 vues&#13;<br \/>\n\t\t\t\t\t\t\t\t\t\t\t&#13;<br \/>\n\t\t\t\t\t\t\t\t\t\t\t&#13;<\/p>\n<p><strong>L\u2019\u00e9tablissement hotelier accueille ses premiers clients des le 10 juillet prochain. RockyPop Marseille s\u2019inscrit dans la lign\u00e9e des \u00e9tablissements de la marque en proposant un concept hybride m\u00ealant h\u00e9bergements vari\u00e9s et lieux de vie anim\u00e9s. Apr\u00e8s Chamonix, Flaine et Grenoble, cette 4\u00e8me adresse reste fid\u00e8le \u00e0 son ADN qui c\u00e9l\u00e8bre le divertissement et la convivialit\u00e9 dans un univers r\u00e9solument Pop Culture.<\/strong><\/p>\n<p><img decoding=\"async\" loading=\"lazy\" class=\"size-full wp-image-163086 alignleft\" src=\"https:\/\/www.europesays.com\/fr\/wp-content\/uploads\/2025\/06\/Rockypop-3.jpg\" alt=\"\" width=\"640\" height=\"354\"  \/>Au c\u0153ur du 6e arrondissement, dans le quartier anim\u00e9 de Castellane, \u00e0 proximit\u00e9 imm\u00e9diate de la place r\u00e9cemment r\u00e9nov\u00e9e, \u00e0 quelques pas du c\u00e9l\u00e8bre march\u00e9 du Prado et \u00e0 seulement deux stations de m\u00e9tro du Vieux-Port, RockyPop Marseille a \u00e9t\u00e9 est pens\u00e9 pour multiplier les moments de partage, de divertissement et de convivialit\u00e9.<\/p>\n<p>Rooftop, restaurant aux ambiances multiples, bar g\u00e9ant avec jeux d\u2019arcade, babyfoot et salles de karaok\u00e9, pergola et terrasses\u2026 sont autant de lieux de vie pour offrir des moments festifs et conviviaux m\u00e9morables.<\/p>\n<p><img decoding=\"async\" loading=\"lazy\" class=\"size-full wp-image-163084 alignleft\" src=\"https:\/\/www.europesays.com\/fr\/wp-content\/uploads\/2025\/06\/Rockypop-1.jpg\" alt=\"\" width=\"640\" height=\"375\"  \/>Avec ses 96 cl\u00e9s \u2013 m\u00ealant chambres et appartements \u2013 l\u2019adresse accueille tous les formats de s\u00e9jour, avec d\u00e9co apaisante et esprit maison.<\/p>\n<p>Les r\u00e9sidents profitent \u00e9galement d\u2019un acc\u00e8s libre \u00e0 la salle de fitness, pour conjuguer d\u00e9tente et bien-\u00eatre.<\/p>\n<p><img decoding=\"async\" loading=\"lazy\" class=\"size-full wp-image-163085 alignleft\" src=\"https:\/\/www.europesays.com\/fr\/wp-content\/uploads\/2025\/06\/Rockypop-2.jpg\" alt=\"\" width=\"640\" height=\"359\"  \/>La d\u00e9coration int\u00e9rieure est au c\u0153ur de l\u2019ADN RockyPop. Joyeuse, color\u00e9e et r\u00e9solument optimiste, elle contribue pleinement \u00e0 l\u2019atmosph\u00e8re unique qui r\u00e8gne dans l\u2019\u00e9tablissement.<\/p>\n<p>C\u2019est \u00e0 nouveau Leslie Gauthier, fid\u00e8le complice de la marque, qui signe la m\u00e9tamorphose de ce 4\u00e8me RockyPop. Avec son sens aigu de l\u2019harmonie, Leslie jongle avec les styles, les \u00e9poques et les clins d\u2019\u0153il surprenants, cr\u00e9ant un \u00e9quilibre subtil entre originalit\u00e9 et \u00e9l\u00e9gance.<\/p>\n<p><strong>RockyPop Marseille<\/strong><br \/>60 Rue du Rouet,<br \/>13006 Marseille<\/p>\n<p>\t\t\t\t\t\t\t\t\t\t<br clear=\"all\"\/><\/p>\n<p>\t\t\t\t\t\t\t\t\t\t&#13;<br \/>\n\t\t\t\t\t\t\t\t\t\t\t\t\t\t\t\t\t\t\t\t<a href=\"https:\/\/www.facebook.com\/sharer.php?u=https:\/\/www.laquotidienne.fr\/rockypop-ouvre-a-marseille\/&amp;t=RockyPop ouvre \u00e0 Marseille\" target=\"_blank\" class=\"item\" title=\"Partagez sur Facebook\" rel=\"noopener\"><img decoding=\"async\" src=\"https:\/\/www.europesays.com\/fr\/wp-content\/uploads\/2025\/04\/fb.jpg\" style=\"box-shadow:0px 0px 10px black;\"\/><\/a><br \/>&#13;<br \/>\n\t\t\t\t\t\t\t\t\t\t<a href=\"https:\/\/www.facebook.com\/sharer.php?u=https:\/\/www.laquotidienne.fr\/rockypop-ouvre-a-marseille\/&amp;t=RockyPop ouvre \u00e0 Marseille\" target=\"_blank\" class=\"item\" title=\"Partagez sur Facebook\" rel=\"noopener\"><img decoding=\"async\" src=\"https:\/\/www.europesays.com\/fr\/wp-content\/uploads\/2025\/06\/Rockypop-resizedFile55.jpg\" style=\"width:300px;\"\/><\/a>&#13;<\/p>\n<p>&#13;\n\t\t\t\t\t\t\t\t\t\t<\/p>\n","protected":false},"excerpt":{"rendered":"RockyPop ouvre \u00e0 Marseille &#13; &#13; &#13; 30 mai 2025 \u00a0\u00a0&#13; &#13; R\u00e9daction\u00a0\u00a0&#13; &#13; &#13; Aucun commentaire\u00a0\u00a0&#13; &#13;&hellip;\n","protected":false},"author":2,"featured_media":145570,"comment_status":"","ping_status":"","sticky":false,"template":"","format":"standard","meta":{"footnotes":""},"categories":[2814],"tags":[1111,11,1777,674,1011,27,1031,4052,884,12,4048,4050,882,1404,4049,25,4053,4051,602],"class_list":{"0":"post-145569","1":"post","2":"type-post","3":"status-publish","4":"format-standard","5":"has-post-thumbnail","7":"category-marseille","8":"tag-actu","9":"tag-actualites","10":"tag-eu","11":"tag-europe","12":"tag-fr","13":"tag-france","14":"tag-magazine","15":"tag-magazine-touristique","16":"tag-marseille","17":"tag-news","18":"tag-presse","19":"tag-presse-professionnelle","20":"tag-provence-alpes-cote-dazur","21":"tag-quotidien","22":"tag-quotidienne","23":"tag-republique-francaise","24":"tag-revue","25":"tag-revue-tourisme","26":"tag-tourisme"},"share_on_mastodon":{"url":"https:\/\/pubeurope.com\/@fr\/114611914375792680","error":""},"_links":{"self":[{"href":"https:\/\/www.europesays.com\/fr\/wp-json\/wp\/v2\/posts\/145569","targetHints":{"allow":["GET"]}}],"collection":[{"href":"https:\/\/www.europesays.com\/fr\/wp-json\/wp\/v2\/posts"}],"about":[{"href":"https:\/\/www.europesays.com\/fr\/wp-json\/wp\/v2\/types\/post"}],"author":[{"embeddable":true,"href":"https:\/\/www.europesays.com\/fr\/wp-json\/wp\/v2\/users\/2"}],"replies":[{"embeddable":true,"href":"https:\/\/www.europesays.com\/fr\/wp-json\/wp\/v2\/comments?post=145569"}],"version-history":[{"count":0,"href":"https:\/\/www.europesays.com\/fr\/wp-json\/wp\/v2\/posts\/145569\/revisions"}],"wp:featuredmedia":[{"embeddable":true,"href":"https:\/\/www.europesays.com\/fr\/wp-json\/wp\/v2\/media\/145570"}],"wp:attachment":[{"href":"https:\/\/www.europesays.com\/fr\/wp-json\/wp\/v2\/media?parent=145569"}],"wp:term":[{"taxonomy":"category","embeddable":true,"href":"https:\/\/www.europesays.com\/fr\/wp-json\/wp\/v2\/categories?post=145569"},{"taxonomy":"post_tag","embeddable":true,"href":"https:\/\/www.europesays.com\/fr\/wp-json\/wp\/v2\/tags?post=145569"}],"curies":[{"name":"wp","href":"https:\/\/api.w.org\/{rel}","templated":true}]}}