{"id":145571,"date":"2025-06-02T04:36:09","date_gmt":"2025-06-02T04:36:09","guid":{"rendered":"https:\/\/www.europesays.com\/fr\/145571\/"},"modified":"2025-06-02T04:36:09","modified_gmt":"2025-06-02T04:36:09","slug":"la-metropole-lance-une-grande-concertation-sur-le-projet-de-zac","status":"publish","type":"post","link":"https:\/\/www.europesays.com\/fr\/145571\/","title":{"rendered":"la M\u00e9tropole lance une grande concertation sur le projet de ZAC"},"content":{"rendered":"<p>La M\u00e9tropole lance une grande concertation avec les habitants sur le projet de ZAC (zone d&rsquo;am\u00e9nagement concert\u00e9e) baptis\u00e9 \u00ab\u00a0Marseille Saint-Charles \u00e0 360\u00b0\u00a0\u00bb. Ces grandes man\u0153uvres autour du site sont un grand projet de d\u00e9veloppement du centre-ville pour ouvrir la gare et mettre en mouvement le quartier Saint-Charles.<\/p>\n<p>Le moteur de cette transformation est le projet de Ligne Nouvelle Provence C\u00f4te d\u2019Azur qui pr\u00e9voit des trains plus nombreux et plus fiables entre Marseille et Nice, et des p\u00f4les d\u2019\u00e9changes multimodaux plus efficaces avec un doublement de Saint-Charles.\u00a0<a href=\"https:\/\/maritima.fr\/actualites\/economie\/marseille\/4383\/extension-de-la-gare-saint-charles-a-marseille-un-projet-de-plus-de-3-milliards-deuros\" target=\"_blank\" rel=\"noopener\">Cette gare renouvel\u00e9e devrait pouvoir accueillir\u00a0deux fois plus de voyageurs d\u2019ici 2035<\/a>.<\/p>\n<p>Marseille Saint-Charles \u00e0 360\u00b0 se veut \u00eatre plus qu\u2019un simple changement d\u2019infrastructure ferroviaire : il a pour ambition d&rsquo;ouvrir la gare sur la ville et d&rsquo;en faire un \u00e9l\u00e9ment qui dynamise et rend plus accessible et attractif son quartier.<\/p>\n<p>Autrement dit, le projet vise \u00e0 am\u00e9liorer la vie quotidienne des habitants avec des am\u00e9nagements urbains et de transports pour leur offrir un meilleur cadre de vie sur 140 hectares, de la gare Saint-<\/p>\n<p>En touchant, nous promet-on, tous les aspects de la ville : espaces publics, transports, habitat, coh\u00e9sion sociale, Marseille Saint-Charles \u00e0 360\u00b0 va \u00e9voluer par \u00e9tapes en fonction des besoins et des \u00e9changes des usagers, transformant ainsi le quartier en un v\u00e9ritable laboratoire urbain.<\/p>\n<p>La M\u00e9tropole Aix-Marseille-Provence engage une concertation publique, jusqu&rsquo;au 31 juillet 2025. <a href=\"https:\/\/ampmetropole.fr\/cohesion-sociale-insertion\/politique-de-la-ville\/renouvellement-urbain\/marseille-saint-charles-a-360-la-metropole-lance-une-grande-concertation\/\" target=\"_blank\" rel=\"noopener\">Plus d&rsquo;infos sur son site internet<\/a>.<\/p>\n","protected":false},"excerpt":{"rendered":"La M\u00e9tropole lance une grande concertation avec les habitants sur le projet de ZAC (zone d&rsquo;am\u00e9nagement concert\u00e9e) baptis\u00e9&hellip;\n","protected":false},"author":2,"featured_media":145572,"comment_status":"","ping_status":"","sticky":false,"template":"","format":"standard","meta":{"footnotes":""},"categories":[2814],"tags":[1111,11,1777,674,1011,27,27451,884,2800,12,882,25],"class_list":{"0":"post-145571","1":"post","2":"type-post","3":"status-publish","4":"format-standard","5":"has-post-thumbnail","7":"category-marseille","8":"tag-actu","9":"tag-actualites","10":"tag-eu","11":"tag-europe","12":"tag-fr","13":"tag-france","14":"tag-gare-marseille-saint-charles","15":"tag-marseille","16":"tag-metropole","17":"tag-news","18":"tag-provence-alpes-cote-dazur","19":"tag-republique-francaise"},"share_on_mastodon":{"url":"https:\/\/pubeurope.com\/@fr\/114611918121574161","error":""},"_links":{"self":[{"href":"https:\/\/www.europesays.com\/fr\/wp-json\/wp\/v2\/posts\/145571","targetHints":{"allow":["GET"]}}],"collection":[{"href":"https:\/\/www.europesays.com\/fr\/wp-json\/wp\/v2\/posts"}],"about":[{"href":"https:\/\/www.europesays.com\/fr\/wp-json\/wp\/v2\/types\/post"}],"author":[{"embeddable":true,"href":"https:\/\/www.europesays.com\/fr\/wp-json\/wp\/v2\/users\/2"}],"replies":[{"embeddable":true,"href":"https:\/\/www.europesays.com\/fr\/wp-json\/wp\/v2\/comments?post=145571"}],"version-history":[{"count":0,"href":"https:\/\/www.europesays.com\/fr\/wp-json\/wp\/v2\/posts\/145571\/revisions"}],"wp:featuredmedia":[{"embeddable":true,"href":"https:\/\/www.europesays.com\/fr\/wp-json\/wp\/v2\/media\/145572"}],"wp:attachment":[{"href":"https:\/\/www.europesays.com\/fr\/wp-json\/wp\/v2\/media?parent=145571"}],"wp:term":[{"taxonomy":"category","embeddable":true,"href":"https:\/\/www.europesays.com\/fr\/wp-json\/wp\/v2\/categories?post=145571"},{"taxonomy":"post_tag","embeddable":true,"href":"https:\/\/www.europesays.com\/fr\/wp-json\/wp\/v2\/tags?post=145571"}],"curies":[{"name":"wp","href":"https:\/\/api.w.org\/{rel}","templated":true}]}}