{"id":145573,"date":"2025-06-02T04:37:14","date_gmt":"2025-06-02T04:37:14","guid":{"rendered":"https:\/\/www.europesays.com\/fr\/145573\/"},"modified":"2025-06-02T04:37:14","modified_gmt":"2025-06-02T04:37:14","slug":"trois-nuits-de-travaux-dentretien-des-ce-lundi","status":"publish","type":"post","link":"https:\/\/www.europesays.com\/fr\/145573\/","title":{"rendered":"trois nuits de travaux d&rsquo;entretien d\u00e8s ce lundi"},"content":{"rendered":"<p>L&rsquo;A89 ferm\u00e9e entre Lyon et Clermont-Ferrand : trois nuits de travaux d&rsquo;entretien d\u00e8s ce lundi &#8211; DR<\/p>\n<p itemprop=\"description\"><strong>Les automobilistes sont pr\u00e9venus, il sera impossible de relier Lyon \u00e0 Clermont-Ferrand en restant sur l&rsquo;A89.<\/strong><\/p>\n<p>Des travaux d&rsquo;entretien seront r\u00e9alis\u00e9s sur les trois tunnels de l&rsquo;axe (Violay, Bussi\u00e8re et Chalosset) durant les nuits de lundi, mardi, mercredi et jeudi inclus. De 20h \u00e0 6h, il sera impossible d&#8217;emprunter l&rsquo;A89 entre les \u00e9changeurs de Balbigny et de Tarare-Est, dans les deux sens de circulation.<\/p>\n<p>Des itin\u00e9raires de substitution ont \u00e9t\u00e9 mis en place.<\/p>\n<p>Pour aller en direction de Clermont et Bordeaux,\u00a0depuis la sortie Tarare-est (n\u00b035), les automobilistes retrouveront l\u2019A89 en empruntant les itin\u00e9raires de d\u00e9viation S20 puis S18 via la RN7 et la RN82 en direction Clermont-Ferrand, jusqu\u2019\u00e0 l\u2019\u00e9changeur de Balbigny (n\u00b033).<\/p>\n<p>Dans l&rsquo;autre sens en direction de Lyon depuis la sortie Balbigny (n\u00b033), il faudra suivre les itin\u00e9raires de d\u00e9viation S17 puis S19, via la RN82 en direction de Roanne puis la RN7 vers Villefranche, Lyon et Tarare, o\u00f9 ils pourront rejoindre l\u2019A89 \u00e0 l\u2019\u00e9changeur de Tarare-est (n\u00b035).<\/p>\n","protected":false},"excerpt":{"rendered":"L&rsquo;A89 ferm\u00e9e entre Lyon et Clermont-Ferrand : trois nuits de travaux d&rsquo;entretien d\u00e8s ce lundi &#8211; DR Les&hellip;\n","protected":false},"author":2,"featured_media":145574,"comment_status":"","ping_status":"","sticky":false,"template":"","format":"standard","meta":{"footnotes":""},"categories":[1889],"tags":[1111,11,2813,2190,2430,1109,251,1112,2811,1777,674,118,1011,27,1922,1110,1114,2428,2810,12,241,316,25,2812,517,800],"class_list":{"0":"post-145573","1":"post","2":"type-post","3":"status-publish","4":"format-standard","5":"has-post-thumbnail","7":"category-lyon","8":"tag-actu","9":"tag-actualites","10":"tag-article","11":"tag-asvel","12":"tag-auvergne-rhone-alpes","13":"tag-breves","14":"tag-culture","15":"tag-depeches","16":"tag-economique","17":"tag-eu","18":"tag-europe","19":"tag-faits-divers","20":"tag-fr","21":"tag-france","22":"tag-info","23":"tag-informations","24":"tag-infos","25":"tag-lyon","26":"tag-lyonmag","27":"tag-news","28":"tag-ol","29":"tag-politique","30":"tag-republique-francaise","31":"tag-sociale","32":"tag-sport","33":"tag-transports"},"share_on_mastodon":{"url":"https:\/\/pubeurope.com\/@fr\/114611922106510120","error":""},"_links":{"self":[{"href":"https:\/\/www.europesays.com\/fr\/wp-json\/wp\/v2\/posts\/145573","targetHints":{"allow":["GET"]}}],"collection":[{"href":"https:\/\/www.europesays.com\/fr\/wp-json\/wp\/v2\/posts"}],"about":[{"href":"https:\/\/www.europesays.com\/fr\/wp-json\/wp\/v2\/types\/post"}],"author":[{"embeddable":true,"href":"https:\/\/www.europesays.com\/fr\/wp-json\/wp\/v2\/users\/2"}],"replies":[{"embeddable":true,"href":"https:\/\/www.europesays.com\/fr\/wp-json\/wp\/v2\/comments?post=145573"}],"version-history":[{"count":0,"href":"https:\/\/www.europesays.com\/fr\/wp-json\/wp\/v2\/posts\/145573\/revisions"}],"wp:featuredmedia":[{"embeddable":true,"href":"https:\/\/www.europesays.com\/fr\/wp-json\/wp\/v2\/media\/145574"}],"wp:attachment":[{"href":"https:\/\/www.europesays.com\/fr\/wp-json\/wp\/v2\/media?parent=145573"}],"wp:term":[{"taxonomy":"category","embeddable":true,"href":"https:\/\/www.europesays.com\/fr\/wp-json\/wp\/v2\/categories?post=145573"},{"taxonomy":"post_tag","embeddable":true,"href":"https:\/\/www.europesays.com\/fr\/wp-json\/wp\/v2\/tags?post=145573"}],"curies":[{"name":"wp","href":"https:\/\/api.w.org\/{rel}","templated":true}]}}