{"id":145575,"date":"2025-06-02T04:38:08","date_gmt":"2025-06-02T04:38:08","guid":{"rendered":"https:\/\/www.europesays.com\/fr\/145575\/"},"modified":"2025-06-02T04:38:08","modified_gmt":"2025-06-02T04:38:08","slug":"mercato-psg-feminin-korbin-albert-va-signer-a-lyon","status":"publish","type":"post","link":"https:\/\/www.europesays.com\/fr\/145575\/","title":{"rendered":"Mercato PSG f\u00e9minin\u00a0: Korbin Albert va signer \u00e0 Lyon"},"content":{"rendered":"<p class=\"paragraph text_align_left\">C\u2019est un d\u00e9part qui devrait faire du bruit ! <a href=\"https:\/\/www.leparisien.fr\/sports\/football\/psg-feminin\/ol-psg-feminin-pourquoi-katoto-meilleure-buteuse-de-lhistoire-de-paris-va-partir-dans-lindifference-16-05-2025-QFVYKBF3JVBZLCPLSRNAJD36CQ.php\" target=\"_self\" rel=\"noopener\">Apr\u00e8s Marie-Antoinette Katoto<\/a>, la milieu de terrain Korbin Albert va \u00e9galement quitter le club de la capitale \u00e0 l\u2019issue de cette saison.<\/p>\n<p class=\"lp-f-ui-06 bet-widget_legal-notices lp-color-text-muted lp-mb-07\">LES JEUX D&rsquo;ARGENT ET DE HASARD PEUVENT \u00caTRE DANGEREUX : PERTES D&rsquo;ARGENT, CONFLITS FAMILIAUX, ADDICTION\u2026 RETROUVEZ NOS CONSEILS SUR <a href=\"https:\/\/joueurs-info-service.fr\/\" class=\"lp-color-text-muted\" target=\"_blank\" rel=\"noopener\">JOUEURS-INFO-SERVICE.FR<\/a> (09 74 75 13 13 &#8211; APPEL NON SURTAX\u00c9)<\/p>\n<p class=\"paragraph text_align_left\">En fin de contrat, l\u2019internationale am\u00e9ricaine de 21 ans a d\u00e9cid\u00e9 de tourner la page en rejoignant un nouveau projet apr\u00e8s deux ans et demi au <a href=\"https:\/\/www.leparisien.fr\/sports\/football\/psg\/\" target=\"_blank\" rel=\"noreferrer noopener\">PSG f\u00e9minin<\/a>.<\/p>\n<p class=\"paragraph text_align_left\">Selon nos informations, la num\u00e9ro 10 parisienne a fait le choix de rejoindre l\u2019OL Lyonnes dans le cadre d\u2019un transfert libre. Elle passe sa visite m\u00e9dicale en d\u00e9but de semaine et signera dans la foul\u00e9e son contrat avec les Fenottes.<\/p>\n<p class=\"paragraph text_align_left\">Les dirigeants parisiens n\u2019ont pas \u00e9t\u00e9 en mesure de la retenir. Apr\u00e8s Kadidiatou Diani, Tabitha Chawinga ou encore Christiane Endler, ils voient partir une nouvelle joueuse chez le rival lyonnais. En attendant l\u2019annonce de Katoto qui s\u2019est elle aussi engag\u00e9e avec l\u2019OL.<\/p>\n","protected":false},"excerpt":{"rendered":"C\u2019est un d\u00e9part qui devrait faire du bruit ! Apr\u00e8s Marie-Antoinette Katoto, la milieu de terrain Korbin Albert&hellip;\n","protected":false},"author":2,"featured_media":145576,"comment_status":"","ping_status":"","sticky":false,"template":"","format":"standard","meta":{"footnotes":""},"categories":[1889],"tags":[1111,11,2430,1777,674,63,1011,27,2428,12,13887,25,60],"class_list":{"0":"post-145575","1":"post","2":"type-post","3":"status-publish","4":"format-standard","5":"has-post-thumbnail","7":"category-lyon","8":"tag-actu","9":"tag-actualites","10":"tag-auvergne-rhone-alpes","11":"tag-eu","12":"tag-europe","13":"tag-football","14":"tag-fr","15":"tag-france","16":"tag-lyon","17":"tag-news","18":"tag-psg-feminin","19":"tag-republique-francaise","20":"tag-sports"},"share_on_mastodon":{"url":"https:\/\/pubeurope.com\/@fr\/114611926020386463","error":""},"_links":{"self":[{"href":"https:\/\/www.europesays.com\/fr\/wp-json\/wp\/v2\/posts\/145575","targetHints":{"allow":["GET"]}}],"collection":[{"href":"https:\/\/www.europesays.com\/fr\/wp-json\/wp\/v2\/posts"}],"about":[{"href":"https:\/\/www.europesays.com\/fr\/wp-json\/wp\/v2\/types\/post"}],"author":[{"embeddable":true,"href":"https:\/\/www.europesays.com\/fr\/wp-json\/wp\/v2\/users\/2"}],"replies":[{"embeddable":true,"href":"https:\/\/www.europesays.com\/fr\/wp-json\/wp\/v2\/comments?post=145575"}],"version-history":[{"count":0,"href":"https:\/\/www.europesays.com\/fr\/wp-json\/wp\/v2\/posts\/145575\/revisions"}],"wp:featuredmedia":[{"embeddable":true,"href":"https:\/\/www.europesays.com\/fr\/wp-json\/wp\/v2\/media\/145576"}],"wp:attachment":[{"href":"https:\/\/www.europesays.com\/fr\/wp-json\/wp\/v2\/media?parent=145575"}],"wp:term":[{"taxonomy":"category","embeddable":true,"href":"https:\/\/www.europesays.com\/fr\/wp-json\/wp\/v2\/categories?post=145575"},{"taxonomy":"post_tag","embeddable":true,"href":"https:\/\/www.europesays.com\/fr\/wp-json\/wp\/v2\/tags?post=145575"}],"curies":[{"name":"wp","href":"https:\/\/api.w.org\/{rel}","templated":true}]}}