{"id":145579,"date":"2025-06-02T04:42:23","date_gmt":"2025-06-02T04:42:23","guid":{"rendered":"https:\/\/www.europesays.com\/fr\/145579\/"},"modified":"2025-06-02T04:42:23","modified_gmt":"2025-06-02T04:42:23","slug":"une-femme-decede-en-marge-des-celebrations-de-la-victoire-du-psg-en-ligue-des-champions","status":"publish","type":"post","link":"https:\/\/www.europesays.com\/fr\/145579\/","title":{"rendered":"Une femme d\u00e9c\u00e8de en marge des c\u00e9l\u00e9brations de la victoire du PSG en Ligue des champions"},"content":{"rendered":"<p><strong>drame &#8211; Une femme qui circulait \u00e0 scooter est morte dans la nuit de samedi \u00e0 dimanche apr\u00e8s avoir \u00e9t\u00e9 percut\u00e9e par une voiture, en marge des c\u00e9l\u00e9brations de la victoire du PSG en Ligue des champions<\/strong><\/p>\n<p>A Paris, une femme est d\u00e9c\u00e9d\u00e9e \u00e0 scooter, percut\u00e9e dans la nuit de samedi \u00e0 dimanche par une voiture en marge des c\u00e9l\u00e9brations pour la victoire du <a href=\"https:\/\/www.20minutes.fr\/sport\/psg\/?at_medium=RSS%20feed&amp;at_campaign=ynews&amp;utm_source=yahoo&amp;utm_medium=rss&amp;utm_campaign=news_feed&amp;utm_content=in_article_link\" rel=\"nofollow noopener\" target=\"_blank\" data-ylk=\"slk:PSG;elm:context_link;itc:0;sec:content-canvas\" class=\"link \">PSG <\/a>sur l\u2019Inter Milan en finale de<a href=\"https:\/\/www.20minutes.fr\/sport\/ligue_des_champions\/?at_medium=RSS%20feed&amp;at_campaign=ynews&amp;utm_source=yahoo&amp;utm_medium=rss&amp;utm_campaign=news_feed&amp;utm_content=in_article_link\" rel=\"nofollow noopener\" target=\"_blank\" data-ylk=\"slk:Ligue des Champions;elm:context_link;itc:0;sec:content-canvas\" class=\"link \"> Ligue des Champions<\/a>, a appris l\u2019AFP d\u2019une source proche du dossier.<\/p>\n<p>Durant cette m\u00eame nuit, qui a vu la cons\u00e9cration du club de football parisien (5-0), un adolescent est <a href=\"https:\/\/www.20minutes.fr\/faits_divers\/4156282-20250601-landes-mineur-17-ans-tue-arme-blanche-occasion-celebrations-psg?at_medium=RSS%20feed&amp;at_campaign=ynews&amp;utm_source=yahoo&amp;utm_medium=rss&amp;utm_campaign=news_feed&amp;utm_content=in_article_link\" rel=\"nofollow noopener\" target=\"_blank\" data-ylk=\"slk:mort poignard\u00e9 \u00e0 Dax;elm:context_link;itc:0;sec:content-canvas\" class=\"link \">mort poignard\u00e9 \u00e0 Dax<\/a>. A Grenoble, un automobiliste a bless\u00e9 quatre personnes d\u2019une m\u00eame famille en <a href=\"https:\/\/www.20minutes.fr\/sport\/football\/4156279-20250601-psg-champion-europe-pres-300-interpellations-paris-voiture-percute-foule-grenoble?at_medium=RSS%20feed&amp;at_campaign=ynews&amp;utm_source=yahoo&amp;utm_medium=rss&amp;utm_campaign=news_feed&amp;utm_content=in_article_link\" rel=\"nofollow noopener\" target=\"_blank\" data-ylk=\"slk:fon\u00e7ant dans la foule;elm:context_link;itc:0;sec:content-canvas\" class=\"link \">fon\u00e7ant dans la foule<\/a>.<\/p>\n<p>Sc\u00e8nes de liesse, mais aussi des violences<\/p>\n<p>Selon RTL, la jeune femme roulait \u00e0 scooter dans le 15e arrondissement de Paris quand elle a \u00e9t\u00e9 percut\u00e9e par une voiture.<\/p>\n<p>Dans la capitale, la nuit a m\u00eal\u00e9 liesse et violences et 559 personnes ont \u00e9t\u00e9 interpell\u00e9es lors des c\u00e9l\u00e9brations en marge de la finale, selon le minist\u00e8re de l\u2019Int\u00e9rieur. A Paris, il y a eu 491 interpellations qui ont conduit \u00e0 254 gardes \u00e0 vue, a ajout\u00e9 la m\u00eame source.<\/p>\n<p>Un large dispositif <a href=\"https:\/\/www.20minutes.fr\/societe\/4156079-20250530-psg-inter-milan-5-400-policiers-gendarmes-finale-ligue-champions-annonce-prefet-police?at_medium=RSS%20feed&amp;at_campaign=ynews&amp;utm_source=yahoo&amp;utm_medium=rss&amp;utm_campaign=news_feed&amp;utm_content=in_article_link\" rel=\"nofollow noopener\" target=\"_blank\" data-ylk=\"slk:de 5.400 policiers et gendarmes;elm:context_link;itc:0;sec:content-canvas\" class=\"link \">de 5.400 policiers et gendarmes<\/a> \u00e9tait d\u00e9ploy\u00e9 dans la capitale et son agglom\u00e9ration pour l\u2019\u00e9v\u00e9nement, avait annonc\u00e9 le pr\u00e9fet de police vendredi.<\/p>\n<p><a href=\"https:\/\/www.20minutes.fr\/faits_divers\/4156286-20250601-paris-femme-decede-marge-celebrations-victoire-psg-ligue-champions?at_medium=RSS%20feed&amp;at_campaign=ynews&amp;utm_source=yahoo&amp;utm_medium=rss&amp;utm_campaign=news_feed&amp;utm_content=read_more_link&quot;\" rel=\"nofollow noopener\" target=\"_blank\" data-ylk=\"slk:Lire la suite sur 20minutes;elm:context_link;itc:0;sec:content-canvas\" class=\"link \">Lire la suite sur 20minutes<\/a><\/p>\n<p>\u00c0 lire aussi :<br \/><a href=\"https:\/\/www.20minutes.fr\/sport\/football\/4155721-20250528-psg-inter-milan-dispositif-securite-paris-finale-ligue-champions?at_medium=RSS%20feed&amp;at_campaign=ynews&amp;utm_source=yahoo&amp;utm_medium=rss&amp;utm_campaign=news_feed&amp;utm_content=related_content_link\" rel=\"nofollow noopener\" target=\"_blank\" data-ylk=\"slk:PSG-Inter Milan\u00a0: Quel dispositif de s\u00e9curit\u00e9 \u00e0 Paris pour la finale de la Ligue des champions\u00a0?;elm:context_link;itc:0;sec:content-canvas\" class=\"link \">PSG-Inter Milan\u00a0: Quel dispositif de s\u00e9curit\u00e9 \u00e0 Paris pour la finale de la Ligue des champions\u00a0?<\/a><br \/><a href=\"https:\/\/www.20minutes.fr\/societe\/4156079-20250530-psg-inter-milan-5-400-policiers-gendarmes-finale-ligue-champions-annonce-prefet-police?at_medium=RSS%20feed&amp;at_campaign=ynews&amp;utm_source=yahoo&amp;utm_medium=rss&amp;utm_campaign=news_feed&amp;utm_content=related_content_link\" rel=\"nofollow noopener\" target=\"_blank\" data-ylk=\"slk:PSG-Inter Milan\u00a0: 5.400\u00a0policiers et gendarmes d\u00e9ploy\u00e9s \u00e0 Paris pour la finale de la Ligue des champions;elm:context_link;itc:0;sec:content-canvas\" class=\"link \">PSG-Inter Milan\u00a0: 5.400\u00a0policiers et gendarmes d\u00e9ploy\u00e9s \u00e0 Paris pour la finale de la Ligue des champions<\/a><\/p>\n","protected":false},"excerpt":{"rendered":"drame &#8211; Une femme qui circulait \u00e0 scooter est morte dans la nuit de samedi \u00e0 dimanche apr\u00e8s&hellip;\n","protected":false},"author":2,"featured_media":145580,"comment_status":"","ping_status":"","sticky":false,"template":"","format":"standard","meta":{"footnotes":""},"categories":[1888],"tags":[27452,1111,1928,11,1927,1777,674,19651,1011,27,447,16090,8628,12,1926,626,1925,93,25],"class_list":{"0":"post-145579","1":"post","2":"type-post","3":"status-publish","4":"format-standard","5":"has-post-thumbnail","7":"category-paris","8":"tag-15e-arrondissement-de-paris","9":"tag-actu","10":"tag-actu-paris","11":"tag-actualites","12":"tag-actualites-paris","13":"tag-eu","14":"tag-europe","15":"tag-finale-de-la-ligue-des-champions","16":"tag-fr","17":"tag-france","18":"tag-ligue-des-champions","19":"tag-marge","20":"tag-milan","21":"tag-news","22":"tag-news-paris","23":"tag-paris","24":"tag-paris-news","25":"tag-psg","26":"tag-republique-francaise"},"share_on_mastodon":{"url":"https:\/\/pubeurope.com\/@fr\/114611941788210536","error":""},"_links":{"self":[{"href":"https:\/\/www.europesays.com\/fr\/wp-json\/wp\/v2\/posts\/145579","targetHints":{"allow":["GET"]}}],"collection":[{"href":"https:\/\/www.europesays.com\/fr\/wp-json\/wp\/v2\/posts"}],"about":[{"href":"https:\/\/www.europesays.com\/fr\/wp-json\/wp\/v2\/types\/post"}],"author":[{"embeddable":true,"href":"https:\/\/www.europesays.com\/fr\/wp-json\/wp\/v2\/users\/2"}],"replies":[{"embeddable":true,"href":"https:\/\/www.europesays.com\/fr\/wp-json\/wp\/v2\/comments?post=145579"}],"version-history":[{"count":0,"href":"https:\/\/www.europesays.com\/fr\/wp-json\/wp\/v2\/posts\/145579\/revisions"}],"wp:featuredmedia":[{"embeddable":true,"href":"https:\/\/www.europesays.com\/fr\/wp-json\/wp\/v2\/media\/145580"}],"wp:attachment":[{"href":"https:\/\/www.europesays.com\/fr\/wp-json\/wp\/v2\/media?parent=145579"}],"wp:term":[{"taxonomy":"category","embeddable":true,"href":"https:\/\/www.europesays.com\/fr\/wp-json\/wp\/v2\/categories?post=145579"},{"taxonomy":"post_tag","embeddable":true,"href":"https:\/\/www.europesays.com\/fr\/wp-json\/wp\/v2\/tags?post=145579"}],"curies":[{"name":"wp","href":"https:\/\/api.w.org\/{rel}","templated":true}]}}