{"id":145581,"date":"2025-06-02T04:43:12","date_gmt":"2025-06-02T04:43:12","guid":{"rendered":"https:\/\/www.europesays.com\/fr\/145581\/"},"modified":"2025-06-02T04:43:12","modified_gmt":"2025-06-02T04:43:12","slug":"municipales-a-paris-pierre-yves-bournazel-candidat-anti-pagaille","status":"publish","type":"post","link":"https:\/\/www.europesays.com\/fr\/145581\/","title":{"rendered":"Municipales \u00e0 Paris\u00a0: Pierre-Yves Bournazel, \u00ab\u00a0candidat anti-pagaille\u00a0\u00bb"},"content":{"rendered":"<p class=\"paragraph text_align_left\">Pour l\u2019annonce de sa troisi\u00e8me candidature aux <a href=\"https:\/\/www.leparisien.fr\/elections\/municipales\/municipales-paris\/\" target=\"_self\" rel=\"nofollow noopener\">\u00e9lections municipales<\/a> dans la capitale, <a href=\"https:\/\/www.leparisien.fr\/paris-75\/municipales-2026-pour-edouard-philippe-pierre-yves-bournazel-ferait-un-tres-bon-maire-de-paris-17-10-2023-SLKJKV63WFGCHJ7WZLUS2FMGOA.php\" target=\"_self\" rel=\"nofollow noopener\">Pierre-Yves Bournazel<\/a> (Horizons) a donn\u00e9 rendez-vous au Parisien aux Affranchis, une brasserie du XIIe arrondissement. Tout un symbole pour cet \u00ab homme libre \u00bb qui se r\u00eave en invit\u00e9 surprise dans le match entre la gauche et la favorite,<a href=\"https:\/\/www.leparisien.fr\/politique\/rachida-dati\/\" target=\"_self\" rel=\"nofollow noopener\"> Rachida Dati,<\/a> en 2026.<\/p>\n<p class=\"paragraph text_align_left\"><b>Apr\u00e8s vos candidatures \u00e0 la mairie de Paris en 2014 et 2020, jamais deux sans trois ?<\/b><\/p>\n","protected":false},"excerpt":{"rendered":"Pour l\u2019annonce de sa troisi\u00e8me candidature aux \u00e9lections municipales dans la capitale, Pierre-Yves Bournazel (Horizons) a donn\u00e9 rendez-vous&hellip;\n","protected":false},"author":2,"featured_media":145582,"comment_status":"","ping_status":"","sticky":false,"template":"","format":"standard","meta":{"footnotes":""},"categories":[1888],"tags":[11,5949,1777,674,1011,27,3554,12,626,316,25],"class_list":{"0":"post-145581","1":"post","2":"type-post","3":"status-publish","4":"format-standard","5":"has-post-thumbnail","7":"category-paris","8":"tag-actualites","9":"tag-elections","10":"tag-eu","11":"tag-europe","12":"tag-fr","13":"tag-france","14":"tag-municipales","15":"tag-news","16":"tag-paris","17":"tag-politique","18":"tag-republique-francaise"},"share_on_mastodon":{"url":"https:\/\/pubeurope.com\/@fr\/114611945707268322","error":""},"_links":{"self":[{"href":"https:\/\/www.europesays.com\/fr\/wp-json\/wp\/v2\/posts\/145581","targetHints":{"allow":["GET"]}}],"collection":[{"href":"https:\/\/www.europesays.com\/fr\/wp-json\/wp\/v2\/posts"}],"about":[{"href":"https:\/\/www.europesays.com\/fr\/wp-json\/wp\/v2\/types\/post"}],"author":[{"embeddable":true,"href":"https:\/\/www.europesays.com\/fr\/wp-json\/wp\/v2\/users\/2"}],"replies":[{"embeddable":true,"href":"https:\/\/www.europesays.com\/fr\/wp-json\/wp\/v2\/comments?post=145581"}],"version-history":[{"count":0,"href":"https:\/\/www.europesays.com\/fr\/wp-json\/wp\/v2\/posts\/145581\/revisions"}],"wp:featuredmedia":[{"embeddable":true,"href":"https:\/\/www.europesays.com\/fr\/wp-json\/wp\/v2\/media\/145582"}],"wp:attachment":[{"href":"https:\/\/www.europesays.com\/fr\/wp-json\/wp\/v2\/media?parent=145581"}],"wp:term":[{"taxonomy":"category","embeddable":true,"href":"https:\/\/www.europesays.com\/fr\/wp-json\/wp\/v2\/categories?post=145581"},{"taxonomy":"post_tag","embeddable":true,"href":"https:\/\/www.europesays.com\/fr\/wp-json\/wp\/v2\/tags?post=145581"}],"curies":[{"name":"wp","href":"https:\/\/api.w.org\/{rel}","templated":true}]}}