{"id":145587,"date":"2025-06-02T04:46:10","date_gmt":"2025-06-02T04:46:10","guid":{"rendered":"https:\/\/www.europesays.com\/fr\/145587\/"},"modified":"2025-06-02T04:46:10","modified_gmt":"2025-06-02T04:46:10","slug":"russes-et-ukrainiens-attendus-a-istanbul-pour-des-pourparlers","status":"publish","type":"post","link":"https:\/\/www.europesays.com\/fr\/145587\/","title":{"rendered":"Russes et Ukrainiens attendus \u00e0 Istanbul pour des pourparlers\u2026"},"content":{"rendered":"<p>Bonjour \u00e0 toutes et \u00e0 tous. Comme chaque jour, la r\u00e9daction de 20 Minutes est mobilis\u00e9e pour vous donner l\u2019ensemble des informations sur le conflit entre Kiev et Moscou.<\/p>\n<p>Ce lundi, les deux bellig\u00e9rants doivent se reparler. Et cela doit une nouvelle fois se faire en Turquie. Des d\u00e9l\u00e9gations russe et ukrainienne sont en effet attendues \u00e0 Istanbul pour des pourparlers directs. La Russie et l\u2019Ukraine avaient d\u00e9j\u00e0 engag\u00e9 de premi\u00e8res discussions le 16\u00a0mai dans la m\u00e9tropole turque, mais le rendez-vous avait \u00e9t\u00e9 peu fructueux, les deux pays ne s\u2019engageant que sur un \u00e9change de prisonniers \u00e0 grande \u00e9chelle.<\/p>\n","protected":false},"excerpt":{"rendered":"Bonjour \u00e0 toutes et \u00e0 tous. Comme chaque jour, la r\u00e9daction de 20 Minutes est mobilis\u00e9e pour vous&hellip;\n","protected":false},"author":2,"featured_media":145588,"comment_status":"","ping_status":"","sticky":false,"template":"","format":"standard","meta":{"footnotes":""},"categories":[1590],"tags":[47,11,75,73,1777,674,131,74,12,132,3496,220,135,134],"class_list":{"0":"post-145587","1":"post","2":"type-post","3":"status-publish","4":"format-standard","5":"has-post-thumbnail","7":"category-ukraine","8":"tag-actualite","9":"tag-actualites","10":"tag-donald-trump","11":"tag-etats-unis","12":"tag-eu","13":"tag-europe","14":"tag-guerre-en-ukraine","15":"tag-monde","16":"tag-news","17":"tag-russie","18":"tag-turquie","19":"tag-ukraine","20":"tag-vladimir-poutine","21":"tag-volodymyr-zelensky"},"share_on_mastodon":{"url":"https:\/\/pubeurope.com\/@fr\/114611958344852133","error":""},"_links":{"self":[{"href":"https:\/\/www.europesays.com\/fr\/wp-json\/wp\/v2\/posts\/145587","targetHints":{"allow":["GET"]}}],"collection":[{"href":"https:\/\/www.europesays.com\/fr\/wp-json\/wp\/v2\/posts"}],"about":[{"href":"https:\/\/www.europesays.com\/fr\/wp-json\/wp\/v2\/types\/post"}],"author":[{"embeddable":true,"href":"https:\/\/www.europesays.com\/fr\/wp-json\/wp\/v2\/users\/2"}],"replies":[{"embeddable":true,"href":"https:\/\/www.europesays.com\/fr\/wp-json\/wp\/v2\/comments?post=145587"}],"version-history":[{"count":0,"href":"https:\/\/www.europesays.com\/fr\/wp-json\/wp\/v2\/posts\/145587\/revisions"}],"wp:featuredmedia":[{"embeddable":true,"href":"https:\/\/www.europesays.com\/fr\/wp-json\/wp\/v2\/media\/145588"}],"wp:attachment":[{"href":"https:\/\/www.europesays.com\/fr\/wp-json\/wp\/v2\/media?parent=145587"}],"wp:term":[{"taxonomy":"category","embeddable":true,"href":"https:\/\/www.europesays.com\/fr\/wp-json\/wp\/v2\/categories?post=145587"},{"taxonomy":"post_tag","embeddable":true,"href":"https:\/\/www.europesays.com\/fr\/wp-json\/wp\/v2\/tags?post=145587"}],"curies":[{"name":"wp","href":"https:\/\/api.w.org\/{rel}","templated":true}]}}