{"id":145591,"date":"2025-06-02T04:48:12","date_gmt":"2025-06-02T04:48:12","guid":{"rendered":"https:\/\/www.europesays.com\/fr\/145591\/"},"modified":"2025-06-02T04:48:12","modified_gmt":"2025-06-02T04:48:12","slug":"%f0%9f%94%b4-presidentielle-en-pologne-rearmement-du-royaume-uni-lessentiel-de-lactualite-ce-lundi-2-juin","status":"publish","type":"post","link":"https:\/\/www.europesays.com\/fr\/145591\/","title":{"rendered":"\ud83d\udd34 Pr\u00e9sidentielle en Pologne, r\u00e9armement du Royaume-Uni&#8230; L&rsquo;essentiel de l&rsquo;actualit\u00e9 ce lundi 2 juin"},"content":{"rendered":"<p>Bonjour\u00a0\u00e0 toutes et \u00e0 tous. Au sommaire ce <strong>lun<\/strong><strong>di 2 juin 2025<\/strong> : le candidat nationaliste gagne l&rsquo;\u00e9lection pr\u00e9sidentielle en <strong>Pologne<\/strong>, quand, au Royaume-Uni, le Premier ministre va annoncer des mesures pour <strong>r\u00e9armer le pays<\/strong>. Au niveau international, la <strong>fili\u00e8re a\u00e9ronautique<\/strong> craint des vents\u00a0contraires en 2025.<\/p>\n<p>\ud83d\udcf0\u00a0Bonne lecture et bonne journ\u00e9e !\u00a0\ud83d\udc47<\/p>\n<p>\ud83d\udccd L&rsquo;extr\u00eame droite gagne la pr\u00e9sidentielle en Pologne<\/p>\n<p>Le candidat nationaliste Karol Nawrocki arrive <strong>en t\u00eate de l&rsquo;\u00e9lection pr\u00e9sidentielle en Pologne<\/strong> de dimanche selon une nouvelle estimation. Il s&rsquo;agit d&rsquo;un revers majeur pour le gouvernement pro-UE du pays si la tendance se confirme.<\/p>\n<p>Si c&rsquo;est le Premier ministre qui tient les r\u00eanes du gouvernement dans le pays, le pr\u00e9sident polonais exerce une certaine influence sur <strong>la politique \u00e9trang\u00e8re et de d\u00e9fense<\/strong> dans le pays. Il dispose surtout d&rsquo;un <strong>pouvoir de veto au niveau l\u00e9gislatif<\/strong>, qui ne peut \u00eatre annul\u00e9 que par une majorit\u00e9 des trois cinqui\u00e8mes au Parlement &#8211; ce dont ne dispose pas le gouvernement en place.<\/p>\n<p>\ud83d\udccd Le Royaume-Uni va annoncer son plan pour se r\u00e9armer<\/p>\n<p>Le gouvernement du <strong>Royaume-Uni<\/strong> va d\u00e9tailler lundi des \u00ab engagements significatifs \u00bb\u00a0afin de <strong>r\u00e9armer le pays<\/strong>. Plus pr\u00e9cis\u00e9ment, le Premier ministre Keir Starmer\u00a0doit d\u00e9voiler les conclusions d&rsquo;une <strong>mission de r\u00e9vision de la strat\u00e9gie de d\u00e9fense<\/strong> du Royaume-Uni. Ce dernier\u00a0a annonc\u00e9 en f\u00e9vrier une hausse des d\u00e9penses de d\u00e9fense nationales \u00e0 2,5\u00a0% du PIB en 2027 contre 2,3\u00a0% actuellement. Une augmentation\u00a0in\u00e9dite depuis la fin de la Guerre froide.<\/p>\n<p>\ud83d\udccd Les compagnies a\u00e9riennes inqui\u00e8tent pour 2025<\/p>\n<p>Les compagnies a\u00e9riennes ont r\u00e9vis\u00e9 <strong>\u00e0 la baisse leurs pr\u00e9visions de trafic et de b\u00e9n\u00e9fices pour 2025<\/strong>. En cause : des \u00ab vents contraires \u00bb\u00a0pour l&rsquo;\u00e9conomie mondiale pourraient leur nuire.<\/p>\n<p>L&rsquo;Association internationale du transport a\u00e9rien (Iata) estime d\u00e9sormais que moins de cinq milliards de voyages en avion auront lieu cette ann\u00e9e, contre 5,22 milliards pr\u00e9vus jusqu&rsquo;alors.\u00a0Quant au\u00a0b\u00e9n\u00e9fice cumul\u00e9 des compagnies a\u00e9riennes, il atteindra 36 milliards de dollars, soit <strong>600 millions de moins qu&rsquo;escompt\u00e9<\/strong>, a-t-elle indiqu\u00e9 lors de son assembl\u00e9e g\u00e9n\u00e9rale annuelle, organis\u00e9e \u00e0 New Delhi.<\/p>\n<p>\ud83d\udccd Nouvelles tensions entre la Chine et les \u00c9tats-Unis<\/p>\n<p>P\u00e9kin\u00a0a d\u00e9clar\u00e9 cette nuit qu&rsquo;elle \u00ab rejetait fermement \u00bb\u00a0<strong>les accusations des \u00c9tats-Unis<\/strong> selon lesquelles elle aurait viol\u00e9 un accord pour r\u00e9duire les droits de douane conclus le mois dernier. Le gouvernement chinois r\u00e9pond au\u00a0secr\u00e9taire d&rsquo;\u00c9tat am\u00e9ricain au Commerce, Howard Lutnick, qui a accus\u00e9 dimanche P\u00e9kin de \u00ab ralentir la mise en \u0153uvre de l&rsquo;accord \u00bb, s&rsquo;exprimant sur la cha\u00eene Fox News.\u00a0\u00ab Sans grande surprise, la <strong>Chine a totalement viol\u00e9 son accord avec nous<\/strong> \u00bb, a aussi d\u00e9nonc\u00e9 le pr\u00e9sident Donald Trump, sans pr\u00e9ciser \u00e0 quelles actions men\u00e9es par P\u00e9kin il faisait r\u00e9f\u00e9rence.<\/p>\n<p>\ud83d\udccd Le patron de JP Morgan craint une crise de la dette am\u00e9ricaine<\/p>\n<p>Jamie Dimon, patron de la banque am\u00e9ricaine JPMorgan Chase\u00a0met en garde contre une\u00a0<strong>crise du march\u00e9 de la dette am\u00e9ricaine<\/strong>. \u00ab C&rsquo;est un gros probl\u00e8me. C&rsquo;est un vrai probl\u00e8me. (&#8230;) Je ne sais pas si c&rsquo;est dans six mois ou dans six ans, (mais) le march\u00e9 obligataire va avoir des difficult\u00e9s \u00bb, a-t-il d\u00e9clar\u00e9 sur la cha\u00eene Fox Business dimanche.<\/p>\n<p>Selon le dirigeant, quand les investisseurs prendront conscience de l&rsquo;impact de l&rsquo;augmentation des niveaux d&rsquo;endettement,<strong> les taux d&rsquo;int\u00e9r\u00eat monteront en fl\u00e8che<\/strong> et les march\u00e9s seront perturb\u00e9s, un sc\u00e9nario dangereux pour l&rsquo;\u00e9conomie de la premi\u00e8re puissance mondiale.<\/p>\n<p>\ud83d\udcca<strong> L&rsquo;AGENDA ECO<\/strong><\/p>\n<p><strong>9 heures 50<\/strong> |\u00a0PMI Manufacturier de la France en mai &#8211; S&amp;P Global<\/p>\n<p><strong>11 heures<\/strong><strong>\u00a0|<\/strong> Publication par l&rsquo;OCDE d&rsquo;un rapport sur la r\u00e9silience des cha\u00eenes d&rsquo;approvisionnement<\/p>\n<p><strong>12 heures |<\/strong> chiffres du ch\u00f4mage en avril, au Portugal<\/p>\n<p><strong>16 heures |<\/strong>\u00a0Copenhague, Danemark : Inauguration de la plus grande centrale d&rsquo;alimentation \u00e0 quai en Europe<\/p>\n<p><strong>16 heures |<\/strong> Etats-Unis : indice d&rsquo;activit\u00e9 manufacturi\u00e8re ISM pour mai<\/p>\n<p><strong>19 heures |<\/strong>\u00a0Etats-Unis : discours du pr\u00e9sident de la Fed Jerome Powell<\/p>\n<p><strong>Toute la journ\u00e9e |<\/strong> R\u00e9union trimestrielle du Haut Conseil de stabilit\u00e9 financi\u00e8re (HCSF) en France.<\/p>\n<p><strong>Toute la journ\u00e9e |<\/strong> France\u00a0: audience au tribunal de commerce sur l&rsquo;entreprise Aldebaran<\/p>\n<p><strong>Toute la journ\u00e9e |<\/strong>\u00a0Royaume-Uni : certificats de pi\u00e8ces de moteurs d&rsquo;avion falsifi\u00e9s.\u00a0 Comparution du directeur de la soci\u00e9t\u00e9 AOG Technics devant la justice britannique<\/p>\n<p>(Veille r\u00e9alis\u00e9e par\u00a0La Tribune\u00a0avec l&rsquo;AFP, Reuters et d&rsquo;autres sources m\u00e9dias)<\/p>\n","protected":false},"excerpt":{"rendered":"Bonjour\u00a0\u00e0 toutes et \u00e0 tous. Au sommaire ce lundi 2 juin 2025 : le candidat nationaliste gagne l&rsquo;\u00e9lection&hellip;\n","protected":false},"author":2,"featured_media":76313,"comment_status":"","ping_status":"","sticky":false,"template":"","format":"standard","meta":{"footnotes":""},"categories":[1588],"tags":[17,11,33,1777,674,15468,18158,9865,12,2437,3766,12709,473,1853,1851,1850,1852],"class_list":{"0":"post-145591","1":"post","2":"type-post","3":"status-publish","4":"format-standard","5":"has-post-thumbnail","7":"category-royaume-uni","8":"tag-17","9":"tag-actualites","10":"tag-economie","11":"tag-eu","12":"tag-europe","13":"tag-lessentiel","14":"tag-lactualite","15":"tag-lundi","16":"tag-news","17":"tag-pologne","18":"tag-presidentielle","19":"tag-rearmement","20":"tag-royaume-uni","21":"tag-royaume-uni-de-grande-bretagne-et-dirlande-du-nord","22":"tag-uk","23":"tag-united-kingdom","24":"tag-united-kingdom-of-great-britain-and-northern-ireland"},"share_on_mastodon":{"url":"","error":""},"_links":{"self":[{"href":"https:\/\/www.europesays.com\/fr\/wp-json\/wp\/v2\/posts\/145591","targetHints":{"allow":["GET"]}}],"collection":[{"href":"https:\/\/www.europesays.com\/fr\/wp-json\/wp\/v2\/posts"}],"about":[{"href":"https:\/\/www.europesays.com\/fr\/wp-json\/wp\/v2\/types\/post"}],"author":[{"embeddable":true,"href":"https:\/\/www.europesays.com\/fr\/wp-json\/wp\/v2\/users\/2"}],"replies":[{"embeddable":true,"href":"https:\/\/www.europesays.com\/fr\/wp-json\/wp\/v2\/comments?post=145591"}],"version-history":[{"count":0,"href":"https:\/\/www.europesays.com\/fr\/wp-json\/wp\/v2\/posts\/145591\/revisions"}],"wp:featuredmedia":[{"embeddable":true,"href":"https:\/\/www.europesays.com\/fr\/wp-json\/wp\/v2\/media\/76313"}],"wp:attachment":[{"href":"https:\/\/www.europesays.com\/fr\/wp-json\/wp\/v2\/media?parent=145591"}],"wp:term":[{"taxonomy":"category","embeddable":true,"href":"https:\/\/www.europesays.com\/fr\/wp-json\/wp\/v2\/categories?post=145591"},{"taxonomy":"post_tag","embeddable":true,"href":"https:\/\/www.europesays.com\/fr\/wp-json\/wp\/v2\/tags?post=145591"}],"curies":[{"name":"wp","href":"https:\/\/api.w.org\/{rel}","templated":true}]}}