{"id":145592,"date":"2025-06-02T04:49:18","date_gmt":"2025-06-02T04:49:18","guid":{"rendered":"https:\/\/www.europesays.com\/fr\/145592\/"},"modified":"2025-06-02T04:49:18","modified_gmt":"2025-06-02T04:49:18","slug":"allemagne-une-ville-propose-un-hebergement-gratuit-pour-attirer-les-habitants-linfo-re","status":"publish","type":"post","link":"https:\/\/www.europesays.com\/fr\/145592\/","title":{"rendered":"Allemagne : une ville propose un h\u00e9bergement gratuit pour attirer les habitants &#8211; LINFO.re"},"content":{"rendered":"<p>\u00c0 la fronti\u00e8re polonaise, Eisenh\u00fcttenstadt lance un appel inattendu. Cette commune allemande veut inverser la tendance d\u00e9mographique.<\/p>\n<p style=\"text-align: justify;\">Cette bourgade d\u2019environ 25 000 habitants, situ\u00e9e \u00e0 96 km de <a href=\"https:\/\/www.linfo.re\/monde\/europe\/berlin-un-medecin-soupconne-de-15-meurtres\" target=\"_blank\" rel=\"nofollow noopener\"><strong>Berlin<\/strong>,<\/a> a trouv\u00e9 une solution pour s\u00e9duire les futurs r\u00e9sidents\u00a0: offrir deux semaines de s\u00e9jours \u00e0 toute personne int\u00e9ress\u00e9e par une installation durable.<\/p>\n<p><strong>Une initiative face \u00e0 la baisse d\u00e9mographique<\/strong><\/p>\n<p style=\"text-align: justify;\">Le projet, baptis\u00e9 \u00ab\u00a0Make Plans Now\u00a0\u00bb, est bas\u00e9 par une d\u00e9marche d\u2019immigration innovante. Il vise plusieurs profils\u00a0: navetteurs, anciens habitants, travailleurs ind\u00e9pendants ou salari\u00e9s qualifi\u00e9s. En offrant un aper\u00e7u concret de la vie locale, <strong>Eisenh\u00fcttenstadt <\/strong>esp\u00e8re convaincre certains de poser d\u00e9finitivement leurs valises. Cette ville qui h\u00e9berge plus de 20\u00a0000 \u00e2mes cherche \u00e0 freiner les d\u00e9parts et compte trouver de nouveaux habitants . Elle sugg\u00e8re un <strong>logement gratuit <\/strong>aux visiteurs, comme le rapporte CNN.<\/p>\n<p><strong>Un appartement meubl\u00e9 pendant 14 jours<\/strong><\/p>\n<p style=\"text-align: justify;\">Selon Le Parisien, les candidats ont jusqu\u2019au d\u00e9but juillet 2025 pour soumettre leur dossier. Les personnes s\u00e9lectionn\u00e9es b\u00e9n\u00e9ficieront d\u2019un logement meubl\u00e9 gratuit du 6 au 20 septembre 2025. Pendant cette p\u00e9riode, ils pourront d\u00e9couvrir les infrastructures, la qualit\u00e9 de vie et les opportunit\u00e9s professionnelles offertes par la ville.<\/p>\n<p style=\"text-align: justify;\">Le programme inclut notamment une visite guid\u00e9e d\u2019Eisenh\u00fcttenstadt et un passage dans l\u2019une de ses usines locales, afin de mieux comprendre le tissu \u00e9conomique. Ces deux semaines sont pens\u00e9es comme un tremplin vers une installation p\u00e9renne.<\/p>\n<p><strong>Un cadre de vie \u00e0 red\u00e9couvrir<\/strong><\/p>\n<p style=\"text-align: justify;\">Cette campagne mise aussi sur le charme architectural de la ville, souvent m\u00e9connu. Dans une vid\u00e9o diffus\u00e9e sur Instagram, un ex-Berliner raconte avoir \u00e9t\u00e9 conquis par le style unique des b\u00e2timents. \u00ab\u00a0Nous avons \u00e9t\u00e9 tellement impressionn\u00e9s par cette architecture que cela a \u00e9t\u00e9 le d\u00e9clencheur\u00a0\u00bb, a-t-il expliqu\u00e9. Cette impression visuelle forte l\u2019a m\u00eame incit\u00e9 \u00e0 d\u00e9m\u00e9nager.<\/p>\n<p style=\"text-align: justify;\">Avec cette op\u00e9ration, <strong>Eisenh\u00fcttenstadt <\/strong>esp\u00e8re amorcer un renouveau. L\u2019approche directe, les donn\u00e9es concr\u00e8tes et l\u2019accueil chaleureux pourraient bien convaincre de nouveaux habitants de s\u2019y \u00e9tablir pour de bon.<\/p>\n","protected":false},"excerpt":{"rendered":"\u00c0 la fronti\u00e8re polonaise, Eisenh\u00fcttenstadt lance un appel inattendu. Cette commune allemande veut inverser la tendance d\u00e9mographique. Cette&hellip;\n","protected":false},"author":2,"featured_media":145593,"comment_status":"","ping_status":"","sticky":false,"template":"","format":"standard","meta":{"footnotes":""},"categories":[1587],"tags":[47,11,672,1804,1805,1803,1777,674,1801,1922,1757,74,12,1802],"class_list":{"0":"post-145592","1":"post","2":"type-post","3":"status-publish","4":"format-standard","5":"has-post-thumbnail","7":"category-allemagne","8":"tag-actualite","9":"tag-actualites","10":"tag-allemagne","11":"tag-bundesrepublik-deutschland","12":"tag-de","13":"tag-deutschland","14":"tag-eu","15":"tag-europe","16":"tag-germany","17":"tag-info","18":"tag-insolite","19":"tag-monde","20":"tag-news","21":"tag-republique-federale-dallemagne"},"share_on_mastodon":{"url":"https:\/\/pubeurope.com\/@fr\/114611969242395189","error":""},"_links":{"self":[{"href":"https:\/\/www.europesays.com\/fr\/wp-json\/wp\/v2\/posts\/145592","targetHints":{"allow":["GET"]}}],"collection":[{"href":"https:\/\/www.europesays.com\/fr\/wp-json\/wp\/v2\/posts"}],"about":[{"href":"https:\/\/www.europesays.com\/fr\/wp-json\/wp\/v2\/types\/post"}],"author":[{"embeddable":true,"href":"https:\/\/www.europesays.com\/fr\/wp-json\/wp\/v2\/users\/2"}],"replies":[{"embeddable":true,"href":"https:\/\/www.europesays.com\/fr\/wp-json\/wp\/v2\/comments?post=145592"}],"version-history":[{"count":0,"href":"https:\/\/www.europesays.com\/fr\/wp-json\/wp\/v2\/posts\/145592\/revisions"}],"wp:featuredmedia":[{"embeddable":true,"href":"https:\/\/www.europesays.com\/fr\/wp-json\/wp\/v2\/media\/145593"}],"wp:attachment":[{"href":"https:\/\/www.europesays.com\/fr\/wp-json\/wp\/v2\/media?parent=145592"}],"wp:term":[{"taxonomy":"category","embeddable":true,"href":"https:\/\/www.europesays.com\/fr\/wp-json\/wp\/v2\/categories?post=145592"},{"taxonomy":"post_tag","embeddable":true,"href":"https:\/\/www.europesays.com\/fr\/wp-json\/wp\/v2\/tags?post=145592"}],"curies":[{"name":"wp","href":"https:\/\/api.w.org\/{rel}","templated":true}]}}