{"id":145609,"date":"2025-06-02T05:01:13","date_gmt":"2025-06-02T05:01:13","guid":{"rendered":"https:\/\/www.europesays.com\/fr\/145609\/"},"modified":"2025-06-02T05:01:13","modified_gmt":"2025-06-02T05:01:13","slug":"loire-gravement-malade-cet-ado-a-vecu-un-reve-eveille-au-grand-prix-de-formule-1-de-monaco","status":"publish","type":"post","link":"https:\/\/www.europesays.com\/fr\/145609\/","title":{"rendered":"Loire. Gravement malade, cet ado a v\u00e9cu un r\u00eave \u00e9veill\u00e9 au Grand Prix de Formule 1 de Monaco"},"content":{"rendered":"<p>\u00ab\u00a0C\u2019\u00e9tait exceptionnel.\u00a0\u00bb La casquette Ferrari sign\u00e9e de son idole viss\u00e9e sur la t\u00eate, il en a encore les yeux qui brillent et son grand sourire illumine son visage d\u2019adolescent, rien qu\u2019\u00e0 \u00e9voquer la journ\u00e9e du 23\u00a0mai dernier.<\/p>\n<p>Rapha\u00ebl, 15 ans, vient de rencontrer le septuple champion du monde de Formule 1, <a href=\"https:\/\/www.leprogres.fr\/p\/lewis-hamilton\" target=\"_blank\" rel=\"nofollow noopener\">Lewis Hamilton<\/a>, et <a href=\"https:\/\/www.leprogres.fr\/p\/charles-leclerc\" target=\"_blank\" rel=\"nofollow noopener\">Charles Leclerc<\/a>, son pilote pr\u00e9f\u00e9r\u00e9. Mais aussi bien d\u2019autres grands noms de la discipline, \u00e0 l\u2019instar de <a href=\"https:\/\/www.leprogres.fr\/p\/fernando-alonso\" target=\"_blank\" rel=\"nofollow noopener\">Fernando Alonso<\/a>, pr\u00e9sents sur <a href=\"https:\/\/www.leprogres.fr\/sport\/2025\/05\/25\/grand-prix-de-monaco-norris-triomphe-hadjar-et-ocon-marquent-de-gros-points\" target=\"_blank\" rel=\"nofollow noopener\">le Grand Prix de Monaco<\/a>, qui s\u2019est tenu du 22 au 25\u00a0mai dernier.<\/p>\n<p>De grandes figures de la course automobile que Rapha\u00ebl a appris \u00e0 d\u00e9couvrir, depuis trois ans, \u00e0 travers\u00a0<a href=\"https:\/\/www.leprogres.fr\/sortir\/2019\/05\/26\/la-f1-star-d-une-serie-documentaire-sur-netflix\" target=\"_blank\" rel=\"nofollow noopener\">la s\u00e9rie documentaire Netflix<\/a> r\u00e9alis\u00e9e en collaboration avec Formula One. Depuis, il regarde tous les Grands Prix.<\/p>\n<p>Un acc\u00e8s VIP \u00e0 la fan zone et aux paddocks<\/p>\n<p>Cette passion est n\u00e9e en m\u00eame temps que l\u2019adolescent et sa famille apprenaient la grave&#8230;<\/p>\n","protected":false},"excerpt":{"rendered":"\u00ab\u00a0C\u2019\u00e9tait exceptionnel.\u00a0\u00bb La casquette Ferrari sign\u00e9e de son idole viss\u00e9e sur la t\u00eate, il en a encore les&hellip;\n","protected":false},"author":2,"featured_media":145610,"comment_status":"","ping_status":"","sticky":false,"template":"","format":"standard","meta":{"footnotes":""},"categories":[1412],"tags":[1976,7539,1451,107,1452,1453,1454,1455,1011,27,1757,3367,9669,9670,4604,104,517,60],"class_list":{"0":"post-145609","1":"post","2":"type-post","3":"status-publish","4":"format-standard","5":"has-post-thumbnail","7":"category-f1","8":"tag-auto-moto","9":"tag-edition-loire-sud","10":"tag-f1","11":"tag-fil-info","12":"tag-formula-1","13":"tag-formula1","14":"tag-formule-1","15":"tag-formule1","16":"tag-fr","17":"tag-france","18":"tag-insolite","19":"tag-loire","20":"tag-saint-chamond","21":"tag-saint-chamond-ville","22":"tag-selection-abonne","23":"tag-societe","24":"tag-sport","25":"tag-sports"},"share_on_mastodon":{"url":"https:\/\/pubeurope.com\/@fr\/114612016641024440","error":""},"_links":{"self":[{"href":"https:\/\/www.europesays.com\/fr\/wp-json\/wp\/v2\/posts\/145609","targetHints":{"allow":["GET"]}}],"collection":[{"href":"https:\/\/www.europesays.com\/fr\/wp-json\/wp\/v2\/posts"}],"about":[{"href":"https:\/\/www.europesays.com\/fr\/wp-json\/wp\/v2\/types\/post"}],"author":[{"embeddable":true,"href":"https:\/\/www.europesays.com\/fr\/wp-json\/wp\/v2\/users\/2"}],"replies":[{"embeddable":true,"href":"https:\/\/www.europesays.com\/fr\/wp-json\/wp\/v2\/comments?post=145609"}],"version-history":[{"count":0,"href":"https:\/\/www.europesays.com\/fr\/wp-json\/wp\/v2\/posts\/145609\/revisions"}],"wp:featuredmedia":[{"embeddable":true,"href":"https:\/\/www.europesays.com\/fr\/wp-json\/wp\/v2\/media\/145610"}],"wp:attachment":[{"href":"https:\/\/www.europesays.com\/fr\/wp-json\/wp\/v2\/media?parent=145609"}],"wp:term":[{"taxonomy":"category","embeddable":true,"href":"https:\/\/www.europesays.com\/fr\/wp-json\/wp\/v2\/categories?post=145609"},{"taxonomy":"post_tag","embeddable":true,"href":"https:\/\/www.europesays.com\/fr\/wp-json\/wp\/v2\/tags?post=145609"}],"curies":[{"name":"wp","href":"https:\/\/api.w.org\/{rel}","templated":true}]}}