{"id":145611,"date":"2025-06-02T05:02:13","date_gmt":"2025-06-02T05:02:13","guid":{"rendered":"https:\/\/www.europesays.com\/fr\/145611\/"},"modified":"2025-06-02T05:02:13","modified_gmt":"2025-06-02T05:02:13","slug":"simon-yates-ou-le-vainqueur-inattendu-du-tour-ditalie-2025","status":"publish","type":"post","link":"https:\/\/www.europesays.com\/fr\/145611\/","title":{"rendered":"Simon Yates ou le vainqueur inattendu du Tour d\u2019Italie 2025"},"content":{"rendered":"<p>Le Britannique Simon Yates s\u2019est offert la 108e \u00e9dition du Tour d\u2019Italie 2025 \u00e0 l\u2019issue de la derni\u00e8re \u00e9tape dans les rues de Rome ce dimanche 1er juin remport\u00e9 par son co\u00e9quipier n\u00e9erlandais Olav Kooij. Isaac del Toro, jeune prodige mexicain, qui a laiss\u00e9 filer la victoire lors de l&rsquo;avant-derni\u00e8re \u00e9tape samedi, monte sur la deuxi\u00e8me marche. Le podium est compl\u00e9t\u00e9 par l&rsquo;\u00c9quatorien Richard, vainqueur de l\u2019\u00e9dition en 2019.<\/p>\n<p>Samedi, \u00e0 la veille de la derni\u00e8re \u00e9tape dans les rues de Rome, <strong><a href=\"https:\/\/www.rfi.fr\/fr\/sport\/20250526-tour-d-italie-isaac-del-toro-le-mexicain-qui-\u00e9pice-le-giro\" rel=\"nofollow noopener\" target=\"_blank\" data-ylk=\"slk:Isaac del Toro;elm:context_link;itc:0;sec:content-canvas\" class=\"link \">Isaac del Toro <\/a><\/strong>(21 ans) et Richard Carapaz (32 ans), avaient les cl\u00e9s du camion en main pour remporter ce Giro. Mais ils ont laiss\u00e9 partir Simon Yates (Visma | Lease a Bike), bon coureur dans les longues ascensions, et ne l&rsquo;ont jamais revu dans le Finestre. Le Britannique ne s\u2019est pas fait prier pour passer \u00e0 la vitesse sup\u00e9rieure, alors que Del Toro (UAE) et Carapaz (EF Education-EasyPost) \u00e9taient <strong><a href=\"https:\/\/www.rfi.fr\/fr\/sport\/20250531-tour-d-italie-simon-yates-gagne-au-poker-et-renverse-le-giro\" rel=\"nofollow noopener\" target=\"_blank\" data-ylk=\"slk:en train de se chamailler;elm:context_link;itc:0;sec:content-canvas\" class=\"link \">en train de se chamailler<\/a><\/strong> comme dans une cour d\u2019\u00e9cole.<\/p>\n<p>La revanche sur 2018<\/p>\n<p>Les deux avaient peut-\u00eatre sous-estim\u00e9 sa force et son panache. Quand ils s\u2019en sont rendu compte, l\u2019affaire \u00e9tait pli\u00e9e. Dommage pour Del Toro, qui aura port\u00e9 la tunique rose du leader pendant onze \u00e9tapes \u00e0 la surprise g\u00e9n\u00e9rale, lui qui \u00e9tait venu \u00e9pauler l&rsquo;Espagnol <a href=\"https:\/\/www.rfi.fr\/fr\/sports\/20250529-cyclisme-abandon-de-juan-ayuso-sur-le-tour-d-italie\" rel=\"nofollow noopener\" target=\"_blank\" data-ylk=\"slk:Juan Ayuso.;elm:context_link;itc:0;sec:content-canvas\" class=\"link \"><strong>Juan Ayuso. <\/strong><\/a><\/p>\n<p><a href=\"https:\/\/www.rfi.fr\/fr\/sports\/20250601-ok-simon-yates-ou-le-vainqueur-inattendu-du-tour-d-italie-2025\" rel=\"nofollow noopener\" target=\"_blank\" data-ylk=\"slk:Lire la suite sur RFI;elm:context_link;itc:0;sec:content-canvas\" class=\"link \">Lire la suite sur RFI<\/a><\/p>\n","protected":false},"excerpt":{"rendered":"Le Britannique Simon Yates s\u2019est offert la 108e \u00e9dition du Tour d\u2019Italie 2025 \u00e0 l\u2019issue de la derni\u00e8re&hellip;\n","protected":false},"author":2,"featured_media":145612,"comment_status":"","ping_status":"","sticky":false,"template":"","format":"standard","meta":{"footnotes":""},"categories":[1411],"tags":[1154,207,25937,1011,27,27465,21830,27464,60,1139],"class_list":{"0":"post-145611","1":"post","2":"type-post","3":"status-publish","4":"format-standard","5":"has-post-thumbnail","7":"category-cyclisme","8":"tag-cycling","9":"tag-cyclisme","10":"tag-del-toro","11":"tag-fr","12":"tag-france","13":"tag-isaac-del-toro","14":"tag-richard-carapaz","15":"tag-simon-yates","16":"tag-sports","17":"tag-tour-ditalie"},"share_on_mastodon":{"url":"https:\/\/pubeurope.com\/@fr\/114612020396751306","error":""},"_links":{"self":[{"href":"https:\/\/www.europesays.com\/fr\/wp-json\/wp\/v2\/posts\/145611","targetHints":{"allow":["GET"]}}],"collection":[{"href":"https:\/\/www.europesays.com\/fr\/wp-json\/wp\/v2\/posts"}],"about":[{"href":"https:\/\/www.europesays.com\/fr\/wp-json\/wp\/v2\/types\/post"}],"author":[{"embeddable":true,"href":"https:\/\/www.europesays.com\/fr\/wp-json\/wp\/v2\/users\/2"}],"replies":[{"embeddable":true,"href":"https:\/\/www.europesays.com\/fr\/wp-json\/wp\/v2\/comments?post=145611"}],"version-history":[{"count":0,"href":"https:\/\/www.europesays.com\/fr\/wp-json\/wp\/v2\/posts\/145611\/revisions"}],"wp:featuredmedia":[{"embeddable":true,"href":"https:\/\/www.europesays.com\/fr\/wp-json\/wp\/v2\/media\/145612"}],"wp:attachment":[{"href":"https:\/\/www.europesays.com\/fr\/wp-json\/wp\/v2\/media?parent=145611"}],"wp:term":[{"taxonomy":"category","embeddable":true,"href":"https:\/\/www.europesays.com\/fr\/wp-json\/wp\/v2\/categories?post=145611"},{"taxonomy":"post_tag","embeddable":true,"href":"https:\/\/www.europesays.com\/fr\/wp-json\/wp\/v2\/tags?post=145611"}],"curies":[{"name":"wp","href":"https:\/\/api.w.org\/{rel}","templated":true}]}}