{"id":145633,"date":"2025-06-02T05:15:10","date_gmt":"2025-06-02T05:15:10","guid":{"rendered":"https:\/\/www.europesays.com\/fr\/145633\/"},"modified":"2025-06-02T05:15:10","modified_gmt":"2025-06-02T05:15:10","slug":"toile-daraignee-service-secret-le-point-sur-les-spectaculaires-attaques-de-drones-en-russie","status":"publish","type":"post","link":"https:\/\/www.europesays.com\/fr\/145633\/","title":{"rendered":"\u00ab\u00a0Toile d\u2019araign\u00e9e\u00a0\u00bb, service secret\u2026 Le point sur les spectaculaires attaques de drones en Russie"},"content":{"rendered":"<p>L\u2019<a href=\"https:\/\/www.20minutes.fr\/monde\/ukraine\/\" target=\"_blank\" class=\"color-ultramarine c-link\" rel=\"nofollow noopener\">Ukraine<\/a> a men\u00e9 dimanche une attaque sans pr\u00e9c\u00e9dent en <a href=\"https:\/\/www.20minutes.fr\/monde\/russie\/\" target=\"_blank\" class=\"color-ultramarine c-link\" rel=\"nofollow noopener\">Russie<\/a>. Cette op\u00e9ration coordonn\u00e9e et clandestine a la particularit\u00e9 d\u2019avoir frapp\u00e9 l\u2019aviation militaire russe \u00e0 des milliers de kilom\u00e8tres du front.<\/p>\n<p>Surnomm\u00e9e \u00ab\u00a0Toile d\u2019araign\u00e9e\u00a0\u00bb, cette op\u00e9ration est un symbole fort dans la guerre entre Kiev et Moscou. Alors que doit se tenir ce lundi \u00e0 Istanbul en <a href=\"https:\/\/www.20minutes.fr\/monde\/turquie\/\" target=\"_blank\" class=\"color-ultramarine c-link\" rel=\"nofollow noopener\">Turquie<\/a> des pourparlers entre la Russie et l\u2019Ukraine, 20 Minutes fait le point sur ces attaques.<\/p>\n<p>Quels sont les d\u00e9g\u00e2ts\u00a0?<\/p>\n<p>L\u2019Ukraine revendique d\u2019importants d\u00e9g\u00e2ts, impossibles \u00e0 v\u00e9rifier de fa\u00e7on ind\u00e9pendante. Les attaques auraient touch\u00e9 41 avions utilis\u00e9s pour \u00ab\u00a0bombarder les villes ukrainiennes\u00a0\u00bb, a assur\u00e9 une source au sein des services de s\u00e9curit\u00e9 ukrainiens (SBU), citant notamment des bombardiers strat\u00e9giques Tu-95 et Tu-22 et des appareils radar de d\u00e9tection et de commandement A-50.<\/p>\n<\/p>\n<p>Le minist\u00e8re russe de la D\u00e9fense a seulement confirm\u00e9 que \u00ab\u00a0plusieurs appareils a\u00e9riens ont pris feu\u00a0\u00bb apr\u00e8s une attaque de drones dans des a\u00e9rodromes des r\u00e9gions de Mourmansk et d\u2019Irkoutsk, respectivement dans l\u2019Arctique russe et en Sib\u00e9rie orientale. Ces incendies ont \u00e9t\u00e9 ma\u00eetris\u00e9s et n\u2019ont pas fait de victimes.<\/p>\n<p>Les services de s\u00e9curit\u00e9 ukrainiens ont de leur c\u00f4t\u00e9 assur\u00e9 avoir d\u00e9truit 34\u00a0% des bombardiers strat\u00e9giques russes vecteurs de missiles de croisi\u00e8re, et fait des d\u00e9g\u00e2ts \u00e0 hauteur de 7\u00a0milliards de dollars.<\/p>\n<p>Quel est le mode op\u00e9ratoire\u00a0?<\/p>\n<p>Cette op\u00e9ration, au nom de code \u00ab\u00a0Toile d\u2019araign\u00e9e\u00a0\u00bb, a \u00e9t\u00e9 pr\u00e9par\u00e9e pendant plus d\u2019un an et demi sous la supervision du pr\u00e9sident <a href=\"https:\/\/www.20minutes.fr\/monde\/volodymyr-zelensky\/\" target=\"_blank\" class=\"color-ultramarine c-link\" rel=\"nofollow noopener\">Volodymyr Zelensky<\/a>. Elle a n\u00e9cessit\u00e9 une logistique particuli\u00e8rement complexe.<\/p>\n<p>Une source s\u00e9curitaire ukrainienne a indiqu\u00e9 que des drones avaient \u00e9t\u00e9 introduits clandestinement en Russie, et cach\u00e9s dans des structures en bois plac\u00e9es sur des camions. Leurs toits ont ensuite \u00e9t\u00e9 ouverts \u00e0 distance, pour permettre aux drones FPV de s\u2019envoler vers leurs cibles.<\/p>\n<p>Le minist\u00e8re russe a confirm\u00e9 que les drones n\u2019avaient pas \u00e9t\u00e9 lanc\u00e9s depuis le territoire ukrainien, mais \u00ab\u00a0\u00e0 proximit\u00e9 imm\u00e9diate des a\u00e9rodromes\u00a0\u00bb. Des agents \u00e9taient r\u00e9partis dans plusieurs r\u00e9gions russes, selon Volodymyr Zelensky. Il a affirm\u00e9 que l\u2019un des lieux o\u00f9 ils travaillaient \u00e9tait \u00ab\u00a0juste \u00e0 c\u00f4t\u00e9\u00a0\u00bb d\u2019un bureau des services de s\u00e9curit\u00e9 russes (FSB).<\/p>\n<p>Moscou a dit dimanche avoir arr\u00eat\u00e9 des suspects, m\u00eame si Volodymyr Zelensky a assur\u00e9 que les personnes impliqu\u00e9es \u00e9taient \u00ab\u00a0en s\u00e9curit\u00e9\u00a0\u00bb et avaient quitt\u00e9 la Russie la veille de l\u2019op\u00e9ration.<\/p>\n<p>Une attaque d\u2019une tr\u00e8s longue port\u00e9e<\/p>\n<p>L\u2019Ukraine a pu atteindre des r\u00e9gions situ\u00e9es \u00e0 des milliers de kilom\u00e8tres du front, alors que ses attaques se concentrent g\u00e9n\u00e9ralement sur les zones proches de ses fronti\u00e8res. Il s\u2019agit de l\u2019op\u00e9ration \u00ab\u00a0la plus longue port\u00e9e\u00a0\u00bb jamais men\u00e9e par ses services, s\u2019est r\u00e9joui le pr\u00e9sident ukrainien.<\/p>\n<p>Deux des a\u00e9rodromes que l\u2019Ukraine dit avoir touch\u00e9s, ceux d\u2019Olenia et de Bela\u00efa, sont respectivement \u00e0 environ 1.900 et 4.300 kilom\u00e8tres de l\u2019Ukraine. Le minist\u00e8re russe affirme en outre avoir r\u00e9ussi \u00e0 contrer d\u2019autres attaques, notamment dans l\u2019Extr\u00eame-Orient russe.<\/p>\n<p>Un symbole fort<\/p>\n<p>Les cons\u00e9quences de ces attaques sur les capacit\u00e9s militaires russes sont difficiles \u00e0 estimer. L\u2019Ukraine subit des attaques a\u00e9riennes quasi quotidiennes, qui ont mis \u00e0 mal sa d\u00e9fense antia\u00e9rienne. Mais la Russie utilise pour cela une tr\u00e8s grande quantit\u00e9 de drones, pas seulement des missiles. Des blogueurs militaires russes ont d\u00e9plor\u00e9 un \u00ab\u00a0jour noir pour l\u2019aviation\u00a0\u00bb de leur pays, et appel\u00e9 \u00e0 la vengeance. La cha\u00eene Telegram Rybar, proche de l\u2019arm\u00e9e russe, a estim\u00e9 qu&rsquo;\u00ab\u00a0il s\u2019agit sans exag\u00e9ration d\u2019un coup tr\u00e8s dur\u00a0\u00bb, d\u00e9non\u00e7ant de \u00ab\u00a0graves erreurs\u00a0\u00bb des services sp\u00e9ciaux russes.<\/p>\n<p>La port\u00e9e symbolique est en tout cas importante pour l\u2019Ukraine, dont l\u2019arm\u00e9e encha\u00eene les revers sur le front face \u00e0 des troupes russes plus nombreuses. Il s\u2019agit d\u2019une des op\u00e9rations les plus r\u00e9ussies de ses services depuis le d\u00e9but de l\u2019invasion russe en f\u00e9vrier\u00a02022.<\/p>\n<p><a href=\"https:\/\/www.20minutes.fr\/monde\/ukraine\/\" target=\"_blank\" class=\"c-link c-btn c-btn--primary\" rel=\"nofollow noopener\">Notre dossier sur la Guerre en Ukraine<\/a><\/p>\n<p>Volodymyr Zelensky a jug\u00e9 que ces actions devaient pousser la Russie \u00e0 \u00ab\u00a0ressentir la n\u00e9cessit\u00e9 d\u2019arr\u00eater la guerre\u00a0\u00bb. L\u2019ancien pr\u00e9sident Petro Porochenko, figure de l\u2019opposition, a estim\u00e9 qu\u2019il n\u2019existait \u00ab\u00a0pas de meilleurs arguments\u00a0\u00bb \u00e0 pr\u00e9senter \u00e0 la veille de pourparlers avec Moscou \u00e0 Istanbul.<\/p>\n","protected":false},"excerpt":{"rendered":"L\u2019Ukraine a men\u00e9 dimanche une attaque sans pr\u00e9c\u00e9dent en Russie. Cette op\u00e9ration coordonn\u00e9e et clandestine a la particularit\u00e9&hellip;\n","protected":false},"author":2,"featured_media":145634,"comment_status":"","ping_status":"","sticky":false,"template":"","format":"standard","meta":{"footnotes":""},"categories":[5],"tags":[47,11,1813,564,1011,27,131,14,74,12,132,27466,133,135,134,28],"class_list":{"0":"post-145633","1":"post","2":"type-post","3":"status-publish","4":"format-standard","5":"has-post-thumbnail","7":"category-international","8":"tag-actualite","9":"tag-actualites","10":"tag-armee","11":"tag-drone","12":"tag-fr","13":"tag-france","14":"tag-guerre-en-ukraine","15":"tag-international","16":"tag-monde","17":"tag-news","18":"tag-russie","19":"tag-service-secret","20":"tag-video","21":"tag-vladimir-poutine","22":"tag-volodymyr-zelensky","23":"tag-world"},"share_on_mastodon":{"url":"https:\/\/pubeurope.com\/@fr\/114612071568264353","error":""},"_links":{"self":[{"href":"https:\/\/www.europesays.com\/fr\/wp-json\/wp\/v2\/posts\/145633","targetHints":{"allow":["GET"]}}],"collection":[{"href":"https:\/\/www.europesays.com\/fr\/wp-json\/wp\/v2\/posts"}],"about":[{"href":"https:\/\/www.europesays.com\/fr\/wp-json\/wp\/v2\/types\/post"}],"author":[{"embeddable":true,"href":"https:\/\/www.europesays.com\/fr\/wp-json\/wp\/v2\/users\/2"}],"replies":[{"embeddable":true,"href":"https:\/\/www.europesays.com\/fr\/wp-json\/wp\/v2\/comments?post=145633"}],"version-history":[{"count":0,"href":"https:\/\/www.europesays.com\/fr\/wp-json\/wp\/v2\/posts\/145633\/revisions"}],"wp:featuredmedia":[{"embeddable":true,"href":"https:\/\/www.europesays.com\/fr\/wp-json\/wp\/v2\/media\/145634"}],"wp:attachment":[{"href":"https:\/\/www.europesays.com\/fr\/wp-json\/wp\/v2\/media?parent=145633"}],"wp:term":[{"taxonomy":"category","embeddable":true,"href":"https:\/\/www.europesays.com\/fr\/wp-json\/wp\/v2\/categories?post=145633"},{"taxonomy":"post_tag","embeddable":true,"href":"https:\/\/www.europesays.com\/fr\/wp-json\/wp\/v2\/tags?post=145633"}],"curies":[{"name":"wp","href":"https:\/\/api.w.org\/{rel}","templated":true}]}}