{"id":145659,"date":"2025-06-02T05:30:15","date_gmt":"2025-06-02T05:30:15","guid":{"rendered":"https:\/\/www.europesays.com\/fr\/145659\/"},"modified":"2025-06-02T05:30:15","modified_gmt":"2025-06-02T05:30:15","slug":"rugby-a-82-ans-michel-ringeval-reste-le-denicheur-de-talents-du-fc-grenoble-et-du-so-chambery","status":"publish","type":"post","link":"https:\/\/www.europesays.com\/fr\/145659\/","title":{"rendered":"Rugby. \u00c0 82 ans, Michel Ringeval reste le d\u00e9nicheur de talents du FC Grenoble et du SO Chamb\u00e9ry"},"content":{"rendered":"<p>Il est l\u00e0, comme il a toujours \u00e9t\u00e9 l\u00e0, ou presque. Voir Michel Ringeval (82 ans) au stade Lesdigui\u00e8res ou au Chamb\u00e9ry Savoie Stadium (ex-stade municipal), \u00e7a ressemble \u00e0 une \u00e9vidence pour celui qui a \u00e9t\u00e9 entra\u00eeneur du FCG et du SOC. Mais le Lourdais d\u2019origine et Clermontois de c\u0153ur n\u2019est plus sur les terrains. Plut\u00f4t au bord de la main courante, ou dans la tribune adjacente.<\/p>\n<p>\u00ab\u00a0\u00c0 Chamb\u00e9ry, j\u2019ai un r\u00f4le de conseiller sportif et je m\u2019occupe avec Cyril (Villain, manager) du recrutement. Et au FCG, je suis membre de la commission sportive (avec Aubin Hueber, manager, et Franck&#8230;<\/p>\n","protected":false},"excerpt":{"rendered":"Il est l\u00e0, comme il a toujours \u00e9t\u00e9 l\u00e0, ou presque. Voir Michel Ringeval (82 ans) au stade&hellip;\n","protected":false},"author":2,"featured_media":145660,"comment_status":"","ping_status":"","sticky":false,"template":"","format":"standard","meta":{"footnotes":""},"categories":[9566],"tags":[1111,11,2430,5509,12844,7001,112,1777,674,2727,1011,27,2731,2732,108,12,2308,25,479,5508,17632,517,1947],"class_list":{"0":"post-145659","1":"post","2":"type-post","3":"status-publish","4":"format-standard","5":"has-post-thumbnail","7":"category-grenoble","8":"tag-actu","9":"tag-actualites","10":"tag-auvergne-rhone-alpes","11":"tag-chambery","12":"tag-chambery-bassin","13":"tag-edition-chambery-aix-les-bains","14":"tag-edition-grenoble-agglomeration","15":"tag-eu","16":"tag-europe","17":"tag-fcg-fc-grenoble-rugby","18":"tag-fr","19":"tag-france","20":"tag-grenoble","21":"tag-grenoble-bassin","22":"tag-isere","23":"tag-news","24":"tag-pro-d2","25":"tag-republique-francaise","26":"tag-rugby","27":"tag-savoie","28":"tag-soc-stade-olympique-de-chambery-rugby","29":"tag-sport","30":"tag-sport-national"},"share_on_mastodon":{"url":"https:\/\/pubeurope.com\/@fr\/114612130564226551","error":""},"_links":{"self":[{"href":"https:\/\/www.europesays.com\/fr\/wp-json\/wp\/v2\/posts\/145659","targetHints":{"allow":["GET"]}}],"collection":[{"href":"https:\/\/www.europesays.com\/fr\/wp-json\/wp\/v2\/posts"}],"about":[{"href":"https:\/\/www.europesays.com\/fr\/wp-json\/wp\/v2\/types\/post"}],"author":[{"embeddable":true,"href":"https:\/\/www.europesays.com\/fr\/wp-json\/wp\/v2\/users\/2"}],"replies":[{"embeddable":true,"href":"https:\/\/www.europesays.com\/fr\/wp-json\/wp\/v2\/comments?post=145659"}],"version-history":[{"count":0,"href":"https:\/\/www.europesays.com\/fr\/wp-json\/wp\/v2\/posts\/145659\/revisions"}],"wp:featuredmedia":[{"embeddable":true,"href":"https:\/\/www.europesays.com\/fr\/wp-json\/wp\/v2\/media\/145660"}],"wp:attachment":[{"href":"https:\/\/www.europesays.com\/fr\/wp-json\/wp\/v2\/media?parent=145659"}],"wp:term":[{"taxonomy":"category","embeddable":true,"href":"https:\/\/www.europesays.com\/fr\/wp-json\/wp\/v2\/categories?post=145659"},{"taxonomy":"post_tag","embeddable":true,"href":"https:\/\/www.europesays.com\/fr\/wp-json\/wp\/v2\/tags?post=145659"}],"curies":[{"name":"wp","href":"https:\/\/api.w.org\/{rel}","templated":true}]}}