{"id":14566,"date":"2025-04-10T09:06:15","date_gmt":"2025-04-10T09:06:15","guid":{"rendered":"https:\/\/www.europesays.com\/fr\/14566\/"},"modified":"2025-04-10T09:06:15","modified_gmt":"2025-04-10T09:06:15","slug":"on-est-super-confiant-ca-va-repartir-a-rennes-cinq-restaurants-dominos-pizza-places-en-redressement-judiciaire","status":"publish","type":"post","link":"https:\/\/www.europesays.com\/fr\/14566\/","title":{"rendered":"\u00ab\u00a0On est super confiant, \u00e7a va repartir\u00a0\u00bb\u00a0: \u00e0 Rennes, cinq restaurants Domino\u2019s pizza plac\u00e9s en redressement judiciaire"},"content":{"rendered":"<p>Le jugement est tomb\u00e9 le 5 mars dernier. Le tribunal de commerce de Rennes a prononc\u00e9 le placement en redressement judiciaire de huit restaurants de l\u2019enseigne Domino\u2019s pizza, sp\u00e9cialis\u00e9e dans les pizzas livr\u00e9es \u00e0 domicile. Cinq sont install\u00e9s \u00e0 Rennes (rue de Saint-Malo, rue de Saint-Brieuc, rue de Foug\u00e8res et rue Sully-Prud\u2019homme) et Cesson-S\u00e9vign\u00e9 (rue de Rennes). Les autres sont situ\u00e9s en dehors de Bretagne, \u00e0 Ch\u00e2teau-Gontier (53), Avranches (50) et Dieppe (76). Tous g\u00e9r\u00e9s par un m\u00eame franchis\u00e9, ces \u00e9tablissements emploient au total une centaine de salari\u00e9s, dont des livreurs \u00e0 v\u00e9lo et en scooter facilement rep\u00e9rables \u00e0 leur logo aux dominos bleu et rouge.<\/p>\n<p>Contact\u00e9, le franchis\u00e9, Tahar Chelli, qui a fait parler de lui en offrant des centaines de pizza au d\u00e9but de la crise sanitaire, explique la situation par \u00ab une baisse d\u2019activit\u00e9 li\u00e9e au recul du pouvoir d\u2019achat des consommateurs \u00bb. Sans \u00e9voquer la concurrence des plateformes en ligne comme Deliveroo et Uber Eats, il mentionne aussi des charges en hausse et une dette \u00e0 restructurer pour mieux voir venir.<\/p>\n<p>D\u00e9sormais, le chef d\u2019entreprise et son \u00e9quipe tentent de faire repartir l\u2019activit\u00e9, aid\u00e9s par une communication nationale renforc\u00e9e de la maison-m\u00e8re. \u00ab Nous sommes tr\u00e8s confiants, le tribunal de commerce \u00e9galement. Tout \u00e7a va repartir, il n\u2019y a pas raison de s\u2019inqui\u00e9ter, estime Tahar Chelli. C\u2019est une mauvaise passe, quelque chose de conjoncturel. Domino\u2019s Pizza est une marque tr\u00e8s ancr\u00e9e, notamment \u00e0 Rennes. \u00bb<\/p>\n<p>P\u00e9riode d\u2019observation<\/p>\n<p>Selon les informations publi\u00e9es au Bulletin officiel des annonces civiles et commerciales (Bodacc), la date de cessation des paiements a \u00e9t\u00e9 fix\u00e9e au 3 mars pour les huit restaurants. Ces derniers font l\u2019objet d\u2019une p\u00e9riode d\u2019observation de six mois pendant laquelle ils peuvent continuer \u00e0 tourner, sous l\u2019\u00e9gide d\u2019un administrateur et d\u2019un mandataire judiciaires. Ce d\u00e9lai doit leur permettre de faire un bilan de la situation, de geler les dettes ant\u00e9rieures et de pr\u00e9parer un plan de redressement.<\/p>\n<p>La proc\u00e9dure ne concerne pas les nombreux autres Domino\u2019s pizza de la proche p\u00e9riph\u00e9rie rennaise. En France, la cha\u00eene compte plus de 450 restaurants pour 7 500 salari\u00e9s. Elle revendique la place de num\u00e9ro 1 du march\u00e9 fran\u00e7ais de la pizza livr\u00e9e et emport\u00e9e, et affiche un chiffre d\u2019affaires d\u2019environ 300 M\u20ac.<\/p>\n","protected":false},"excerpt":{"rendered":"Le jugement est tomb\u00e9 le 5 mars dernier. Le tribunal de commerce de Rennes a prononc\u00e9 le placement&hellip;\n","protected":false},"author":2,"featured_media":14567,"comment_status":"","ping_status":"","sticky":false,"template":"","format":"standard","meta":{"footnotes":""},"categories":[2821],"tags":[1111,11,829,1777,674,1011,27,848,4555,12,584,25],"class_list":{"0":"post-14566","1":"post","2":"type-post","3":"status-publish","4":"format-standard","5":"has-post-thumbnail","7":"category-rennes","8":"tag-actu","9":"tag-actualites","10":"tag-bretagne","11":"tag-eu","12":"tag-europe","13":"tag-fr","14":"tag-france","15":"tag-ille-et-vilaine","16":"tag-local","17":"tag-news","18":"tag-rennes","19":"tag-republique-francaise"},"share_on_mastodon":{"url":"https:\/\/pubeurope.com\/@fr\/114312877463465577","error":""},"_links":{"self":[{"href":"https:\/\/www.europesays.com\/fr\/wp-json\/wp\/v2\/posts\/14566","targetHints":{"allow":["GET"]}}],"collection":[{"href":"https:\/\/www.europesays.com\/fr\/wp-json\/wp\/v2\/posts"}],"about":[{"href":"https:\/\/www.europesays.com\/fr\/wp-json\/wp\/v2\/types\/post"}],"author":[{"embeddable":true,"href":"https:\/\/www.europesays.com\/fr\/wp-json\/wp\/v2\/users\/2"}],"replies":[{"embeddable":true,"href":"https:\/\/www.europesays.com\/fr\/wp-json\/wp\/v2\/comments?post=14566"}],"version-history":[{"count":0,"href":"https:\/\/www.europesays.com\/fr\/wp-json\/wp\/v2\/posts\/14566\/revisions"}],"wp:featuredmedia":[{"embeddable":true,"href":"https:\/\/www.europesays.com\/fr\/wp-json\/wp\/v2\/media\/14567"}],"wp:attachment":[{"href":"https:\/\/www.europesays.com\/fr\/wp-json\/wp\/v2\/media?parent=14566"}],"wp:term":[{"taxonomy":"category","embeddable":true,"href":"https:\/\/www.europesays.com\/fr\/wp-json\/wp\/v2\/categories?post=14566"},{"taxonomy":"post_tag","embeddable":true,"href":"https:\/\/www.europesays.com\/fr\/wp-json\/wp\/v2\/tags?post=14566"}],"curies":[{"name":"wp","href":"https:\/\/api.w.org\/{rel}","templated":true}]}}