{"id":145661,"date":"2025-06-02T05:31:08","date_gmt":"2025-06-02T05:31:08","guid":{"rendered":"https:\/\/www.europesays.com\/fr\/145661\/"},"modified":"2025-06-02T05:31:08","modified_gmt":"2025-06-02T05:31:08","slug":"nouvelle-place-speciale-transports-gratuits-village-sportif-la-grande-braderie-de-rennes-revient-bientot","status":"publish","type":"post","link":"https:\/\/www.europesays.com\/fr\/145661\/","title":{"rendered":"Nouvelle place sp\u00e9ciale, transports gratuits, village sportif\u2026 La grande braderie de Rennes revient bient\u00f4t"},"content":{"rendered":"<p>            Par<br \/>\n        <strong><br \/>\n            <a href=\"https:\/\/actu.fr\/auteur\/brian-legoff\" title=\"Consulter tous les articles de Brian Le Goff\" target=\"_blank\" rel=\"noopener\">Brian Le Goff<\/a><br \/>\n        <\/strong><\/p>\n<p>        Publi\u00e9 le<\/p>\n<p>            2 juin 2025 \u00e0 7h02        <\/p>\n<p>Au fil des ann\u00e9es, elle est devenue <strong>un incontournable de l\u2019agenda rennais<\/strong>. La grande braderie de <a href=\"https:\/\/actu.fr\/rennes\/\" target=\"_blank\" rel=\"noopener\">Rennes<\/a> revient le mercredi 25 juin 2025 dans les rues du centre-ville. \u00ab\u00a0On dit qu\u2019il y a 300 000 personnes qui y viennent\u00a0\u00bb, rench\u00e9rit <a href=\"https:\/\/actu.fr\/bretagne\/rennes_35238\/j-ai-cette-ville-dans-les-tripes-a-rennes-laurence-taillandier-est-a-la-tete-d-une-boutique-centenaire_61829168.html\" target=\"_blank\" rel=\"noopener\">Laurence Taillandier, la pr\u00e9sidente de l\u2019association des commer\u00e7ants Le Carr\u00e9 Rennais<\/a>, organisatrice de l\u2019\u00e9v\u00e9nement.\u00a0<\/p>\n<p class=\" wall-content\">Le principe est de permettre aux <strong>commer\u00e7ants<\/strong> de <strong>d\u00e9baller leurs marchandises<\/strong> devant leur magasin et aux <strong>itin\u00e9rants<\/strong> d\u2019avoir une date dans la capitale bretonne pour <strong>proposer leurs produits \u00e0 la vente<\/strong> au premier jour des soldes d\u2019\u00e9t\u00e9.<\/p>\n<p class=\" wall-content\">Et, depuis quelques ann\u00e9es, des \u00ab\u00a0p\u00f4les diff\u00e9rents\u00a0\u00bb ont \u00e9t\u00e9 cr\u00e9\u00e9s avec l\u2019objectif de faire de cet \u00e9v\u00e9nement un rendez-vous pas seulement commercial : <strong>friperie<\/strong> (rue d\u2019Antrain), <strong>upcycling<\/strong> (rue de Clisson), <strong>place gourmande et vide-grenier<\/strong> (place du Parlement),<strong> artisans d\u2019ici et d\u2019ailleurs \u2013 producteurs locaux<\/strong> (place Hoche).<\/p>\n<p>Une nouvelle place artistique<\/p>\n<p class=\" wall-content\">L\u2019\u00e9dition 2025 n\u2019\u00e9chappera \u00e0 la r\u00e8gle avec l\u2019arriv\u00e9e d\u2019une nouvelle animation sur la <strong>place du Calvaire,<\/strong> derri\u00e8re les Galeries Lafayette, annonce Laurence Taillandier.<\/p>\n<blockquote class=\"ac-article-quote wall-content\">\n<p>On va faire un concours de dessins avec comme th\u00e8me \u00ab\u00a0Votre regard sur la grande braderie\u00a0\u00bb. Il ne s&rsquo;adressera pas au grand public, mais aux \u00e9coles et ateliers d&rsquo;art. Les passants pourront ainsi voir l&rsquo;avanc\u00e9e des dessins de ces artistes le jour J.<\/p>\n<p>    <strong>Laurence Taillandier<\/strong><br \/>\n        Pr\u00e9sidente de l&rsquo;association de commer\u00e7ants Le Carr\u00e9 Rennais    <\/p><\/blockquote>\n<p class=\" wall-content\"><strong>Un jury, compos\u00e9 de professeurs de dessins et d\u2019architectes,<\/strong> d\u00e9partagera les participants. Un bon d\u2019achat \u00e0 utiliser chez les commer\u00e7ants du centre-ville sera \u00e0 gagner.<\/p>\n<p>Vid\u00e9os : en ce moment sur Actu\u00ab\u00a0Faire un lieu de vie, de f\u00eate, de promenade\u00a0\u00bb<\/p>\n<p class=\" wall-content\">Ainsi, l\u2019association de commer\u00e7ants veut <strong>attirer une autre population<\/strong> et faire de cet \u00e9v\u00e9nement \u00ab\u00a0un lieu de vie, de f\u00eate, de promenade\u00a0\u00bb.<\/p>\n<p>Bus et m\u00e9tros gratuits<\/p>\n<p class=\" wall-content\">Comme pour chaque grande braderie, les transports en commun, bus et m\u00e9tros, du <a href=\"https:\/\/actu.fr\/tag\/reseau-star\" target=\"_blank\" rel=\"noopener\">r\u00e9seau Star<\/a> seront gratuits.<\/p>\n<p class=\" wall-content\">Les habitants pourront ainsi acc\u00e9der plus facilement au centre-ville, <strong>\u00ab\u00a0un enjeu toujours plus fort\u00a0\u00bb<\/strong> pour Laurence Taillandier, qui n\u2019oublie pas de rappeler que la <a href=\"https:\/\/actu.fr\/bretagne\/rennes_35238\/suppression-du-parking-vilaine-a-rennes-est-ce-vraiment-le-moment-s-interrogent-les-commercants_61625030.html\" target=\"_blank\" rel=\"noopener\">suppression du parking Vilaine va bient\u00f4t d\u00e9buter<\/a>.<\/p>\n<p>Tennis, pil\u00e2tes, basket, self d\u00e9fense, escrime<\/p>\n<p class=\" wall-content\">Enfin, une fois n\u2019est pas coutume, le<strong> village sportif s\u2019installera sur la place de la Mairie<\/strong>. Cette ann\u00e9e encore, de nombreuses disciplines seront repr\u00e9sent\u00e9es et des <strong>initiations<\/strong> seront possibles : boxe, danse, foot avec le Stade Rennais, tennis, pil\u00e2tes, basket, self d\u00e9fense et escrime.<\/p>\n<p class=\" wall-content\">Les <strong>bouquinistes<\/strong> seront <strong>place Sainte-Anne<\/strong>, tandis que les brocanteurs occuperont la <strong>place Honor\u00e9 Comeurec<\/strong>.<\/p>\n<p class=\" wall-content\">Suivez toute l\u2019actualit\u00e9 de vos villes et m\u00e9dias favoris en vous inscrivant \u00e0 <a href=\"https:\/\/moncompte.actu.fr\" title=\"D\u00e9couvez Mon Actu\" rel=\"nofollow noopener\" data-trk=\"{&quot;cta&quot;:{&quot;action&quot;:&quot;https:\\\/\\\/moncompte.actu.fr&quot;,&quot;category&quot;:&quot;mon compte&quot;,&quot;from&quot;:&quot;article footer&quot;,&quot;name&quot;:&quot;Mon actu&quot;,&quot;type&quot;:&quot;cta&quot;}}\" target=\"_blank\">Mon Actu<\/a>.<\/p>\n","protected":false},"excerpt":{"rendered":"Par Brian Le Goff Publi\u00e9 le 2 juin 2025 \u00e0 7h02 Au fil des ann\u00e9es, elle est devenue&hellip;\n","protected":false},"author":2,"featured_media":104940,"comment_status":"","ping_status":"","sticky":false,"template":"","format":"standard","meta":{"footnotes":""},"categories":[2821],"tags":[1111,11,1063,829,215,33,1777,674,1011,27,12,584,25],"class_list":{"0":"post-145661","1":"post","2":"type-post","3":"status-publish","4":"format-standard","5":"has-post-thumbnail","7":"category-rennes","8":"tag-actu","9":"tag-actualites","10":"tag-animations","11":"tag-bretagne","12":"tag-commerce","13":"tag-economie","14":"tag-eu","15":"tag-europe","16":"tag-fr","17":"tag-france","18":"tag-news","19":"tag-rennes","20":"tag-republique-francaise"},"share_on_mastodon":{"url":"https:\/\/pubeurope.com\/@fr\/114612134519097822","error":""},"_links":{"self":[{"href":"https:\/\/www.europesays.com\/fr\/wp-json\/wp\/v2\/posts\/145661","targetHints":{"allow":["GET"]}}],"collection":[{"href":"https:\/\/www.europesays.com\/fr\/wp-json\/wp\/v2\/posts"}],"about":[{"href":"https:\/\/www.europesays.com\/fr\/wp-json\/wp\/v2\/types\/post"}],"author":[{"embeddable":true,"href":"https:\/\/www.europesays.com\/fr\/wp-json\/wp\/v2\/users\/2"}],"replies":[{"embeddable":true,"href":"https:\/\/www.europesays.com\/fr\/wp-json\/wp\/v2\/comments?post=145661"}],"version-history":[{"count":0,"href":"https:\/\/www.europesays.com\/fr\/wp-json\/wp\/v2\/posts\/145661\/revisions"}],"wp:featuredmedia":[{"embeddable":true,"href":"https:\/\/www.europesays.com\/fr\/wp-json\/wp\/v2\/media\/104940"}],"wp:attachment":[{"href":"https:\/\/www.europesays.com\/fr\/wp-json\/wp\/v2\/media?parent=145661"}],"wp:term":[{"taxonomy":"category","embeddable":true,"href":"https:\/\/www.europesays.com\/fr\/wp-json\/wp\/v2\/categories?post=145661"},{"taxonomy":"post_tag","embeddable":true,"href":"https:\/\/www.europesays.com\/fr\/wp-json\/wp\/v2\/tags?post=145661"}],"curies":[{"name":"wp","href":"https:\/\/api.w.org\/{rel}","templated":true}]}}