{"id":145669,"date":"2025-06-02T05:37:17","date_gmt":"2025-06-02T05:37:17","guid":{"rendered":"https:\/\/www.europesays.com\/fr\/145669\/"},"modified":"2025-06-02T05:37:17","modified_gmt":"2025-06-02T05:37:17","slug":"le-pouliguen-orgue-et-ensemble-cappella-britannica-en-concert","status":"publish","type":"post","link":"https:\/\/www.europesays.com\/fr\/145669\/","title":{"rendered":"Le Pouliguen. Orgue et ensemble Cappella Britannica en concert"},"content":{"rendered":"<p>Dimanche, l\u2019organiste Michel Bourcier donnera un concert en l\u2019\u00e9glise Saint-Nicolas, avec l\u2019ensemble vocal Cappella Britannica, cr\u00e9\u00e9 en 2016, par Lionel Bourguignon.<\/p>\n<p>D\u00e9sireux d\u2019explorer des \u0153uvres a cappella de la Renaissance au XXIe\u00a0si\u00e8cle, le chef s\u2019est entour\u00e9 d\u2019une quinzaine de chanteurs amateurs de tr\u00e8s bon niveau.<\/p>\n<p>Ancr\u00e9 dans la r\u00e9gion nantaise, et soutenu par la mairie de Nantes, l\u2019ensemble porte une volont\u00e9 d\u2019exigence musicale \u00e9lev\u00e9e, tout en \u0153uvrant \u00e0 une diffusion large et accessible \u00e0 tous. Leur objectif est de faire d\u00e9couvrir des r\u00e9pertoires vari\u00e9s et de contribuer au d\u00e9veloppement de la culture musicale.<\/p>\n<p>Pour la saison 2024-2025, Cappella Britannica aborde le tr\u00e8s riche r\u00e9pertoire des compositeurs de la famille Bach, et de quelques auteurs contemporains. Le groupe choral est accompagn\u00e9 \u00e0 l\u2019orgue par Michel Bourcier, organiste titulaire des orgues de la cath\u00e9drale de Nantes.<\/p>\n<p>Dimanche 8\u00a0juin, \u00e0 18\u00a0h, concert \u00e0 l\u2019\u00e9glise Saint-Nicolas, orgue et ensemble vocal Cappella Britannica ; Entr\u00e9e libre, participation aux frais bienvenue.<\/p>\n<p>\u00a0<\/p>\n","protected":false},"excerpt":{"rendered":"Dimanche, l\u2019organiste Michel Bourcier donnera un concert en l\u2019\u00e9glise Saint-Nicolas, avec l\u2019ensemble vocal Cappella Britannica, cr\u00e9\u00e9 en 2016,&hellip;\n","protected":false},"author":2,"featured_media":145670,"comment_status":"","ping_status":"","sticky":false,"template":"","format":"standard","meta":{"footnotes":""},"categories":[2818],"tags":[1111,11,27469,27468,1697,9487,1777,674,1011,27,766,12,20788,2636,27467,25,3272],"class_list":{"0":"post-145669","1":"post","2":"type-post","3":"status-publish","4":"format-standard","5":"has-post-thumbnail","7":"category-nantes","8":"tag-actu","9":"tag-actualites","10":"tag-britannica","11":"tag-cappella","12":"tag-concert","13":"tag-ensemble","14":"tag-eu","15":"tag-europe","16":"tag-fr","17":"tag-france","18":"tag-nantes","19":"tag-news","20":"tag-orgue","21":"tag-pays-de-la-loire","22":"tag-pouliguen","23":"tag-republique-francaise","24":"tag-saint-nazaire"},"share_on_mastodon":{"url":"https:\/\/pubeurope.com\/@fr\/114612158089679426","error":""},"_links":{"self":[{"href":"https:\/\/www.europesays.com\/fr\/wp-json\/wp\/v2\/posts\/145669","targetHints":{"allow":["GET"]}}],"collection":[{"href":"https:\/\/www.europesays.com\/fr\/wp-json\/wp\/v2\/posts"}],"about":[{"href":"https:\/\/www.europesays.com\/fr\/wp-json\/wp\/v2\/types\/post"}],"author":[{"embeddable":true,"href":"https:\/\/www.europesays.com\/fr\/wp-json\/wp\/v2\/users\/2"}],"replies":[{"embeddable":true,"href":"https:\/\/www.europesays.com\/fr\/wp-json\/wp\/v2\/comments?post=145669"}],"version-history":[{"count":0,"href":"https:\/\/www.europesays.com\/fr\/wp-json\/wp\/v2\/posts\/145669\/revisions"}],"wp:featuredmedia":[{"embeddable":true,"href":"https:\/\/www.europesays.com\/fr\/wp-json\/wp\/v2\/media\/145670"}],"wp:attachment":[{"href":"https:\/\/www.europesays.com\/fr\/wp-json\/wp\/v2\/media?parent=145669"}],"wp:term":[{"taxonomy":"category","embeddable":true,"href":"https:\/\/www.europesays.com\/fr\/wp-json\/wp\/v2\/categories?post=145669"},{"taxonomy":"post_tag","embeddable":true,"href":"https:\/\/www.europesays.com\/fr\/wp-json\/wp\/v2\/tags?post=145669"}],"curies":[{"name":"wp","href":"https:\/\/api.w.org\/{rel}","templated":true}]}}