{"id":145683,"date":"2025-06-02T05:45:10","date_gmt":"2025-06-02T05:45:10","guid":{"rendered":"https:\/\/www.europesays.com\/fr\/145683\/"},"modified":"2025-06-02T05:45:10","modified_gmt":"2025-06-02T05:45:10","slug":"nelya-heddi-17-ans-elue-miss-beaute-du-maghreb-2025","status":"publish","type":"post","link":"https:\/\/www.europesays.com\/fr\/145683\/","title":{"rendered":"Nelya Heddi, 17\u00a0ans, \u00e9lue Miss Beaut\u00e9 du Maghreb 2025"},"content":{"rendered":"<p>Elle s\u2019appelle Nelya Heddi, a 17\u00a0ans, est scolaris\u00e9e en seconde g\u00e9n\u00e9rale et vit \u00e0 la Joliette (2e). Dimanche 25\u00a0mai dernier, elle a \u00e9t\u00e9 \u00e9lue Miss Beaut\u00e9 <a href=\"https:\/\/www.laprovence.com\/article\/region\/26679820492912\/le-maroc-est-un-foisonnement-pour-les-sens-a-aix-cette-photographe-vous-fait-voyager-au-maghreb\" target=\"_blank\" rel=\"noopener\">du Maghreb<\/a> au Palais des sports de Marseille. Pour participer \u00e0 l\u2019\u00e9lection, il suffisait de faire plus d\u20191,60\u00a0m, d\u2019avoir entre 16 et 32\u00a0ans, d\u2019\u00eatre passionn\u00e9e par la mode et les concours de beaut\u00e9, disponible les dimanches apr\u00e8s-midi, motiv\u00e9e et s\u00e9rieuse.<\/p>\n<p>Nelya Heddi remporte une tablette et un vid\u00e9oprojecteur<\/p>\n<p>Aux c\u00f4t\u00e9s de Nelya Heddi, c\u2019est Nesrine Koubali qui a d\u00e9croch\u00e9 la couronne de Miss \u00c9l\u00e9gance du Maghreb 2025. Cinq dauphines ont \u00e9galement \u00e9t\u00e9 prim\u00e9es\u00a0: Ibtisseme Aouri, Sarah Louati, Lina Ben Abdelmoumen, Lisa Louati et Cathia Arienzo.<\/p>\n<p>La soir\u00e9e de gala, organis\u00e9e par l\u2019association la Diversit\u00e9 des cultures et le comit\u00e9 Miss Beaut\u00e9 du Maghreb, s\u2019est d\u00e9roul\u00e9e en pr\u00e9sence de repr\u00e9sentants de la mairie des 15e et 16e arrondissements ainsi que ceux des <a href=\"https:\/\/www.laprovence.com\/article\/region\/2174436284604814\/une-situation-desagreable-devant-le-consulat-d-algerie-des-marseillais-peines-par-le-cirque-mediatique\" target=\"_blank\" rel=\"noopener\">consulats d\u2019Alg\u00e9rie<\/a> et de Tunisie.<\/p>\n<p>Outre une tablette num\u00e9rique et un vid\u00e9oprojecteur, Nelya Heddi profitera toute l\u2019ann\u00e9e des prestations de coiffure, maquillage, manucure et soins offerts par les partenaires de la soir\u00e9e. Un billet pour le Maghreb \u00e9tait \u00e9galement mis en jeu dans une tombola ouverte \u00e0 tous.<\/p>\n","protected":false},"excerpt":{"rendered":"Elle s\u2019appelle Nelya Heddi, a 17\u00a0ans, est scolaris\u00e9e en seconde g\u00e9n\u00e9rale et vit \u00e0 la Joliette (2e). Dimanche&hellip;\n","protected":false},"author":2,"featured_media":145684,"comment_status":"","ping_status":"","sticky":false,"template":"","format":"standard","meta":{"footnotes":""},"categories":[2814],"tags":[17,1111,11,1764,2424,20906,1777,674,1011,27,27471,12225,884,27472,27470,12,882,16,25],"class_list":{"0":"post-145683","1":"post","2":"type-post","3":"status-publish","4":"format-standard","5":"has-post-thumbnail","7":"category-marseille","8":"tag-17","9":"tag-actu","10":"tag-actualites","11":"tag-ans","12":"tag-beaute","13":"tag-elue","14":"tag-eu","15":"tag-europe","16":"tag-fr","17":"tag-france","18":"tag-heddi","19":"tag-maghreb","20":"tag-marseille","21":"tag-miss","22":"tag-nelya","23":"tag-news","24":"tag-provence-alpes-cote-dazur","25":"tag-region","26":"tag-republique-francaise"},"share_on_mastodon":{"url":"https:\/\/pubeurope.com\/@fr\/114612189543707263","error":""},"_links":{"self":[{"href":"https:\/\/www.europesays.com\/fr\/wp-json\/wp\/v2\/posts\/145683","targetHints":{"allow":["GET"]}}],"collection":[{"href":"https:\/\/www.europesays.com\/fr\/wp-json\/wp\/v2\/posts"}],"about":[{"href":"https:\/\/www.europesays.com\/fr\/wp-json\/wp\/v2\/types\/post"}],"author":[{"embeddable":true,"href":"https:\/\/www.europesays.com\/fr\/wp-json\/wp\/v2\/users\/2"}],"replies":[{"embeddable":true,"href":"https:\/\/www.europesays.com\/fr\/wp-json\/wp\/v2\/comments?post=145683"}],"version-history":[{"count":0,"href":"https:\/\/www.europesays.com\/fr\/wp-json\/wp\/v2\/posts\/145683\/revisions"}],"wp:featuredmedia":[{"embeddable":true,"href":"https:\/\/www.europesays.com\/fr\/wp-json\/wp\/v2\/media\/145684"}],"wp:attachment":[{"href":"https:\/\/www.europesays.com\/fr\/wp-json\/wp\/v2\/media?parent=145683"}],"wp:term":[{"taxonomy":"category","embeddable":true,"href":"https:\/\/www.europesays.com\/fr\/wp-json\/wp\/v2\/categories?post=145683"},{"taxonomy":"post_tag","embeddable":true,"href":"https:\/\/www.europesays.com\/fr\/wp-json\/wp\/v2\/tags?post=145683"}],"curies":[{"name":"wp","href":"https:\/\/api.w.org\/{rel}","templated":true}]}}