{"id":145687,"date":"2025-06-02T05:47:13","date_gmt":"2025-06-02T05:47:13","guid":{"rendered":"https:\/\/www.europesays.com\/fr\/145687\/"},"modified":"2025-06-02T05:47:13","modified_gmt":"2025-06-02T05:47:13","slug":"lyon-la-m6-et-la-m7-fermees-de-nuit-cette-semaine","status":"publish","type":"post","link":"https:\/\/www.europesays.com\/fr\/145687\/","title":{"rendered":"Lyon : la M6 et la M7 ferm\u00e9es de nuit cette semaine"},"content":{"rendered":"<p>La M6 et la M7 seront ferm\u00e9es de nuit, entre ce lundi 2 juin et jeudi 5 juin de 20h \u00e0 6h, entre l&rsquo;\u00e9changeur du Valvert et celui de Pierre-B\u00e9nite.<\/p>\n<p>Prenez vos pr\u00e9cautions sur les routes cette semaine : la <b>M6 et la M7<\/b> seront ferm\u00e9es entre 20h et 6h du matin de lundi \u00e0 jeudi, entre <b>l&rsquo;\u00e9changeur du Valvert \u00e0 Tassin-la-Demi-Lune<\/b> sur la M6, et le <b>noeud de Pierre-B\u00e9nite<\/b> sur la M7.\u00a0<\/p>\n<p>Les voies seront enti\u00e8rement coup\u00e9es \u00e0 la circulation, dans les deux sens.\u00a0<\/p>\n<p>Ce sera aussi le cas entre les <b>n\u0153uds de Feyzin et de Ternay sur l&rsquo;A7.<\/b><\/p>\n<p><\/p>\n","protected":false},"excerpt":{"rendered":"La M6 et la M7 seront ferm\u00e9es de nuit, entre ce lundi 2 juin et jeudi 5 juin&hellip;\n","protected":false},"author":2,"featured_media":145688,"comment_status":"","ping_status":"","sticky":false,"template":"","format":"standard","meta":{"footnotes":""},"categories":[1889],"tags":[1111,11,6955,2430,1777,674,20685,1011,27,2428,494,27473,12,27475,25,20283,27474],"class_list":{"0":"post-145687","1":"post","2":"type-post","3":"status-publish","4":"format-standard","5":"has-post-thumbnail","7":"category-lyon","8":"tag-actu","9":"tag-actualites","10":"tag-autoroute","11":"tag-auvergne-rhone-alpes","12":"tag-eu","13":"tag-europe","14":"tag-fermetures","15":"tag-fr","16":"tag-france","17":"tag-lyon","18":"tag-m6","19":"tag-m7","20":"tag-news","21":"tag-pierre-bnite","22":"tag-republique-francaise","23":"tag-tassin-la-demi-lune","24":"tag-valvert"},"share_on_mastodon":{"url":"https:\/\/pubeurope.com\/@fr\/114612197397743046","error":""},"_links":{"self":[{"href":"https:\/\/www.europesays.com\/fr\/wp-json\/wp\/v2\/posts\/145687","targetHints":{"allow":["GET"]}}],"collection":[{"href":"https:\/\/www.europesays.com\/fr\/wp-json\/wp\/v2\/posts"}],"about":[{"href":"https:\/\/www.europesays.com\/fr\/wp-json\/wp\/v2\/types\/post"}],"author":[{"embeddable":true,"href":"https:\/\/www.europesays.com\/fr\/wp-json\/wp\/v2\/users\/2"}],"replies":[{"embeddable":true,"href":"https:\/\/www.europesays.com\/fr\/wp-json\/wp\/v2\/comments?post=145687"}],"version-history":[{"count":0,"href":"https:\/\/www.europesays.com\/fr\/wp-json\/wp\/v2\/posts\/145687\/revisions"}],"wp:featuredmedia":[{"embeddable":true,"href":"https:\/\/www.europesays.com\/fr\/wp-json\/wp\/v2\/media\/145688"}],"wp:attachment":[{"href":"https:\/\/www.europesays.com\/fr\/wp-json\/wp\/v2\/media?parent=145687"}],"wp:term":[{"taxonomy":"category","embeddable":true,"href":"https:\/\/www.europesays.com\/fr\/wp-json\/wp\/v2\/categories?post=145687"},{"taxonomy":"post_tag","embeddable":true,"href":"https:\/\/www.europesays.com\/fr\/wp-json\/wp\/v2\/tags?post=145687"}],"curies":[{"name":"wp","href":"https:\/\/api.w.org\/{rel}","templated":true}]}}