{"id":145695,"date":"2025-06-02T05:51:08","date_gmt":"2025-06-02T05:51:08","guid":{"rendered":"https:\/\/www.europesays.com\/fr\/145695\/"},"modified":"2025-06-02T05:51:08","modified_gmt":"2025-06-02T05:51:08","slug":"le-conducteur-de-la-voiture-a-ete-remis-en-liberte-ce-que-lon-sait","status":"publish","type":"post","link":"https:\/\/www.europesays.com\/fr\/145695\/","title":{"rendered":"le conducteur de la voiture a \u00e9t\u00e9 remis en libert\u00e9, ce que l&rsquo;on sait"},"content":{"rendered":"<p>            Par<br \/>\n        <strong><br \/>\n            <a href=\"https:\/\/actu.fr\/auteur\/thomas-martin\" title=\"Consulter tous les articles de Thomas Martin\" rel=\"nofollow noopener\" target=\"_blank\">Thomas Martin<\/a><br \/>\n        <\/strong><\/p>\n<p>        Publi\u00e9 le<\/p>\n<p>            2 juin 2025 \u00e0 7h44        <\/p>\n<p>Le conducteur de la voiture impliqu\u00e9 dans <a href=\"https:\/\/actu.fr\/ile-de-france\/paris_75056\/celebrations-de-la-victoire-du-psg-mort-d-une-femme-a-scooter-a-paris-percutee-par-une-voiture_62713136.html\" rel=\"nofollow noopener\" target=\"_blank\">l\u2019accident mortel<\/a> qui s\u2019est produit dans le 7e arrondissement de Paris, dans la nuit du samedi 31 mai au dimanche 1er juin, apr\u00e8s la <a href=\"https:\/\/actu.fr\/ile-de-france\/paris_75056\/irresistible-le-psg-remporte-la-premiere-ligue-des-champions-de-son-histoire-au-terme-d-une-finale-de-reve_62712076.html\" rel=\"nofollow noopener\" target=\"_blank\">victoire du PSG<\/a>, a \u00e9t\u00e9 remis en libert\u00e9 dimanche apr\u00e8s avoir \u00e9t\u00e9 plac\u00e9 en garde \u00e0 vue, a-t-on appris aupr\u00e8s du parquet de Paris. Ce dernier pr\u00e9cise que l\u2019enqu\u00eate pr\u00e9liminaire se poursuit.\u00a0<\/p>\n<p>La victime circulait \u00ab\u00a0\u00e0 vive allure\u00a0\u00bb<\/p>\n<p class=\" wall-content\">Selon le parquet, la vid\u00e9osurveillance a montr\u00e9 que le scooter circulait \u00ab\u00a0\u00e0 vive allure\u00a0\u00bb. Une expertise en accidentologie a \u00e9t\u00e9 ordonn\u00e9e.\u00a0<\/p>\n<p class=\" wall-content\">La victime, un jeune homme de 23 ans, circulait \u00e0 scooter quand elle a percut\u00e9 une voiture dans le 7e arrondissement de Paris, au carrefour du boulevard de la tour Maubourg et de l\u2019avenue de la Motte-Picquet.<\/p>\n<p class=\" wall-content\">Le conducteur de la voiture, n\u00e9 en octobre 2005, avait \u00e9t\u00e9 plac\u00e9 en garde \u00e0 vue. Les d\u00e9pistages d\u2019alcool\u00e9mie et de stup\u00e9fiants r\u00e9alis\u00e9s \u00e9taient n\u00e9gatifs.<\/p>\n<p class=\" wall-content\">Dimanche, le chef <a href=\"https:\/\/actu.fr\/ile-de-france\/paris_75056\/paris-le-chef-jean-imbert-rend-hommage-au-jeune-tue-dans-un-accident-apres-la-victoire-du-psg_62714178.html\" rel=\"nofollow noopener\" target=\"_blank\">Jean Imbert<\/a> a rendu hommage \u00e0 la victime sur Instagram puisqu\u2019elle travaillait dans un de ses restaurants : \u00ab Le jeune homme de 23 ans, tragiquement d\u00e9c\u00e9d\u00e9 cette nuit \u00e0 Paris en scooter, faisait partie de l\u2019\u00e9quipe de l\u2019un de mes restaurants, a \u00e9crit le chef du Plaza Ath\u00e9n\u00e9e dans le 8e arrondissement sur Instagram. Voir un si jeune destin bris\u00e9 nous bouleverse tous. Mes pens\u00e9es les plus sinc\u00e8res et toute ma compassion vont \u00e0 sa famille et \u00e0 ses proches \u00bb. Il a fait part de sa \u00ab\u00a0profonde tristesse\u00a0\u00bb.\u00a0<\/p>\n<p>Vid\u00e9os : en ce moment sur Actu<\/p>\n<p class=\" wall-content\">Suivez toute l\u2019actualit\u00e9 de vos villes et m\u00e9dias favoris en vous inscrivant \u00e0 <a href=\"https:\/\/moncompte.actu.fr\" title=\"D\u00e9couvez Mon Actu\" rel=\"nofollow noopener\" data-trk=\"{&quot;cta&quot;:{&quot;action&quot;:&quot;https:\\\/\\\/moncompte.actu.fr&quot;,&quot;category&quot;:&quot;mon compte&quot;,&quot;from&quot;:&quot;article footer&quot;,&quot;name&quot;:&quot;Mon actu&quot;,&quot;type&quot;:&quot;cta&quot;}}\" target=\"_blank\">Mon Actu<\/a>.<\/p>\n<ul class=\"ac-article-tag wall-content\">\n<li><a href=\"https:\/\/actu.fr\/tag\/accident\" data-trk=\"{&quot;cta&quot;:{&quot;action&quot;:&quot;Accident&quot;,&quot;category&quot;:&quot;tag&quot;,&quot;from&quot;:&quot;article footer&quot;,&quot;name&quot;:&quot;Accident&quot;,&quot;type&quot;:&quot;cta&quot;}}\" rel=\"nofollow noopener\" target=\"_blank\">#Accident<\/a><\/li>\n<li><a href=\"https:\/\/actu.fr\/tag\/paris-saint-germain-psg\" data-trk=\"{&quot;cta&quot;:{&quot;action&quot;:&quot;Paris Saint Germain (PSG)&quot;,&quot;category&quot;:&quot;tag&quot;,&quot;from&quot;:&quot;article footer&quot;,&quot;name&quot;:&quot;Paris Saint Germain (PSG)&quot;,&quot;type&quot;:&quot;cta&quot;}}\" rel=\"nofollow noopener\" target=\"_blank\">#Paris Saint Germain (PSG)<\/a><\/li>\n<\/ul>\n","protected":false},"excerpt":{"rendered":"Par Thomas Martin Publi\u00e9 le 2 juin 2025 \u00e0 7h44 Le conducteur de la voiture impliqu\u00e9 dans l\u2019accident&hellip;\n","protected":false},"author":2,"featured_media":145696,"comment_status":"","ping_status":"","sticky":false,"template":"","format":"standard","meta":{"footnotes":""},"categories":[1888],"tags":[119,1111,1928,11,1927,1777,674,118,1011,27,12,1926,626,1925,2332,25],"class_list":{"0":"post-145695","1":"post","2":"type-post","3":"status-publish","4":"format-standard","5":"has-post-thumbnail","7":"category-paris","8":"tag-accident","9":"tag-actu","10":"tag-actu-paris","11":"tag-actualites","12":"tag-actualites-paris","13":"tag-eu","14":"tag-europe","15":"tag-faits-divers","16":"tag-fr","17":"tag-france","18":"tag-news","19":"tag-news-paris","20":"tag-paris","21":"tag-paris-news","22":"tag-paris-saint-germain-psg","23":"tag-republique-francaise"},"share_on_mastodon":{"url":"https:\/\/pubeurope.com\/@fr\/114612213189638761","error":""},"_links":{"self":[{"href":"https:\/\/www.europesays.com\/fr\/wp-json\/wp\/v2\/posts\/145695","targetHints":{"allow":["GET"]}}],"collection":[{"href":"https:\/\/www.europesays.com\/fr\/wp-json\/wp\/v2\/posts"}],"about":[{"href":"https:\/\/www.europesays.com\/fr\/wp-json\/wp\/v2\/types\/post"}],"author":[{"embeddable":true,"href":"https:\/\/www.europesays.com\/fr\/wp-json\/wp\/v2\/users\/2"}],"replies":[{"embeddable":true,"href":"https:\/\/www.europesays.com\/fr\/wp-json\/wp\/v2\/comments?post=145695"}],"version-history":[{"count":0,"href":"https:\/\/www.europesays.com\/fr\/wp-json\/wp\/v2\/posts\/145695\/revisions"}],"wp:featuredmedia":[{"embeddable":true,"href":"https:\/\/www.europesays.com\/fr\/wp-json\/wp\/v2\/media\/145696"}],"wp:attachment":[{"href":"https:\/\/www.europesays.com\/fr\/wp-json\/wp\/v2\/media?parent=145695"}],"wp:term":[{"taxonomy":"category","embeddable":true,"href":"https:\/\/www.europesays.com\/fr\/wp-json\/wp\/v2\/categories?post=145695"},{"taxonomy":"post_tag","embeddable":true,"href":"https:\/\/www.europesays.com\/fr\/wp-json\/wp\/v2\/tags?post=145695"}],"curies":[{"name":"wp","href":"https:\/\/api.w.org\/{rel}","templated":true}]}}