{"id":145711,"date":"2025-06-02T05:59:14","date_gmt":"2025-06-02T05:59:14","guid":{"rendered":"https:\/\/www.europesays.com\/fr\/145711\/"},"modified":"2025-06-02T05:59:14","modified_gmt":"2025-06-02T05:59:14","slug":"le-royaume-dallemagne-un-groupe-extremiste-et-complotiste-royaliste-demantele-outre-rhin-liberation","status":"publish","type":"post","link":"https:\/\/www.europesays.com\/fr\/145711\/","title":{"rendered":"Le \u00abRoyaume d\u2019Allemagne\u00bb, un groupe extr\u00e9miste et complotiste royaliste d\u00e9mantel\u00e9 outre-Rhin \u2013 Lib\u00e9ration"},"content":{"rendered":"<p class=\"sc-ksZaOG ehjQrN text-element\">L\u2019Allemagne doit non seulement se d\u00e9battre avec la mont\u00e9e <a href=\"https:\/\/www.liberation.fr\/international\/europe\/allemagne-lappellation-extremiste-visant-lafd-provisoirement-levee-20250508_NGYGJH5JIVF7PC7EJMAJF62MXI\/\" target=\"_blank\" rel=\"noreferrer nofollow noopener\" title=\"https:\/\/www.liberation.fr\/international\/europe\/allemagne-lappellation-extremiste-visant-lafd-provisoirement-levee-20250508_NGYGJH5JIVF7PC7EJMAJF62MXI\/\">de l\u2019extr\u00eame droite<\/a>, mais aussi composer avec un groupe complotiste nostalgique du Ier Reich. Les autorit\u00e9s allemandes ont annonc\u00e9 ce mardi 13 mai des perquisitions contre <a href=\"https:\/\/www.liberation.fr\/international\/europe\/qui-sont-les-reichsburger-qui-preparaient-un-putsch-contre-les-institutions-allemandes-20221207_7ZCO3PMXUFEJLLYPRMIYKSVORI\/\" target=\"_blank\" rel=\"noreferrer nofollow noopener\" title=\"https:\/\/www.liberation.fr\/international\/europe\/qui-sont-les-reichsburger-qui-preparaient-un-putsch-contre-les-institutions-allemandes-20221207_7ZCO3PMXUFEJLLYPRMIYKSVORI\/\">ce r\u00e9seau extr\u00e9miste<\/a> et ont prononc\u00e9 la dissolution de \u00abla plus grande organisation\u00bb de cette mouvance, accus\u00e9e \u00abd\u2019attaquer l\u2019ordre d\u00e9mocratique lib\u00e9ral\u00bb.<\/p>\n<p class=\"sc-ksZaOG ehjQrN text-element\">Ces perquisitions ont \u00e9t\u00e9 lanc\u00e9es dans sept r\u00e9gions du pays visant l\u2019association \u00abRoyaume d\u2019Allemagne\u00bb, a annonc\u00e9 le minist\u00e8re de l\u2019Int\u00e9rieur dans un communiqu\u00e9. Ce groupe compte environ 6 000 partisans qui \u00abnient l\u2019existence de la R\u00e9publique f\u00e9d\u00e9rale d\u2019Allemagne et rejettent son syst\u00e8me juridique\u00bb.<\/p>\n<p class=\"sc-ksZaOG ehjQrN text-element\">L\u2019association \u00abRoyaume d\u2019Allemagne\u00bb (\u00abK\u00f6nigreich Deutschland\u00bb) est interdite \u00e0 compter de ce mardi car \u00abses objectifs et ses activit\u00e9s sont contraires \u00e0 la l\u00e9gislation p\u00e9nale et vont \u00e0 l\u2019encontre de l\u2019ordre constitutionnel et de l\u2019id\u00e9e de la compr\u00e9hension entre les peuples\u00bb, explique le minist\u00e8re, selon lequel l\u2019interdiction concerne \u00e9galement \u00ables nombreuses organisations affili\u00e9es \u00e0 cette association\u00bb.<\/p>\n<p class=\"sc-ksZaOG ehjQrN text-element\">Le parquet f\u00e9d\u00e9ral a par ailleurs annonc\u00e9, dans le cadre de cette op\u00e9ration, l\u2019arrestation de quatre personnes, dont trois membres fondateurs de ce groupe qui, depuis une dizaine d\u2019ann\u00e9es, a mis en place \u00abdes structures et des institutions pseudo-\u00e9tatiques\u00bb, cr\u00e9ant notamment un syst\u00e8me bancaire et d\u2019assurance, un bureau d\u2019enregistrement avec des documents d\u2019identit\u00e9 fictifs et une monnaie propre.<\/p>\n<p class=\"sc-ksZaOG ehjQrN text-element\">Qualifi\u00e9s \u00abd\u2019extr\u00e9mistes dangereux\u00bb par le minist\u00e8re, \u00abK\u00f6nigreich Deutschland\u00bb fait partie de la mouvance allemande complotiste des \u00ab<a href=\"https:\/\/www.liberation.fr\/international\/europe\/ils-prevoyaient-une-attaque-contre-le-bundestag-coup-de-filet-contre-des-groupuscules-dextreme-droite-en-allemagne-20221207_LP7TNOUZWNCOLHMEZFWJJ2P7EU\/\" target=\"_blank\" rel=\"noreferrer nofollow noopener\" title=\"https:\/\/www.liberation.fr\/international\/europe\/ils-prevoyaient-une-attaque-contre-le-bundestag-coup-de-filet-contre-des-groupuscules-dextreme-droite-en-allemagne-20221207_LP7TNOUZWNCOLHMEZFWJJ2P7EU\/\">Reichsb\u00fcrger<\/a>\u00bb (\u00abcitoyens du Reich\u00bb), rejetant la l\u00e9gitimit\u00e9 de la R\u00e9publique allemande moderne : ils croient en la p\u00e9rennit\u00e9 du Reich allemand d\u2019avant la Premi\u00e8re Guerre mondiale, sous la forme d\u2019une monarchie. Plusieurs groupes de sympathisants ont d\u00e9cr\u00e9t\u00e9 la cr\u00e9ation de leurs propres mini-Etats.<\/p>\n<p class=\"sc-ksZaOG ehjQrN text-element\">Selon les services allemands du renseignement int\u00e9rieur, la mouvance du Reichsb\u00fcrger comptait environ 23 000 membres en 2022. En son sein, le \u00abRoyaume d\u2019Allemagne\u00bb est \u00aben expansion\u00bb depuis des ann\u00e9es, a poursuivi ce mardi le minist\u00e8re de l\u2019Int\u00e9rieur.<\/p>\n<p class=\"sc-ksZaOG ehjQrN text-element\">Entr\u00e9e en fonction la semaine derni\u00e8re, la nouvelle coalition gouvernementale dirig\u00e9e par <a href=\"https:\/\/www.liberation.fr\/international\/europe\/friedrich-merz-elu-chancelier-allemand-leurope-au-coeur-20250506_5PTLUB7CHVA6VMZYVAUSABNB4Y\/\" target=\"_blank\" rel=\"noreferrer nofollow noopener\" title=\"https:\/\/www.liberation.fr\/international\/europe\/friedrich-merz-elu-chancelier-allemand-leurope-au-coeur-20250506_5PTLUB7CHVA6VMZYVAUSABNB4Y\/\">le chancelier conservateur Friedrich Merz<\/a> doit \u00e9galement faire face \u00e0 une progression des id\u00e9ologies extr\u00e9mistes de droite. Le parti d\u2019extr\u00eame droite AfD est d\u00e9sormais la premi\u00e8re force d\u2019opposition \u00e0 la chambre des d\u00e9put\u00e9s apr\u00e8s avoir obtenu un score record aux l\u00e9gislatives de f\u00e9vrier.<\/p>\n","protected":false},"excerpt":{"rendered":"L\u2019Allemagne doit non seulement se d\u00e9battre avec la mont\u00e9e de l\u2019extr\u00eame droite, mais aussi composer avec un groupe&hellip;\n","protected":false},"author":2,"featured_media":145712,"comment_status":"","ping_status":"","sticky":false,"template":"","format":"standard","meta":{"footnotes":""},"categories":[1587],"tags":[11,672,1804,1805,1803,1777,674,1076,1801,12,1802],"class_list":{"0":"post-145711","1":"post","2":"type-post","3":"status-publish","4":"format-standard","5":"has-post-thumbnail","7":"category-allemagne","8":"tag-actualites","9":"tag-allemagne","10":"tag-bundesrepublik-deutschland","11":"tag-de","12":"tag-deutschland","13":"tag-eu","14":"tag-europe","15":"tag-extreme-droite","16":"tag-germany","17":"tag-news","18":"tag-republique-federale-dallemagne"},"share_on_mastodon":{"url":"https:\/\/pubeurope.com\/@fr\/114612244574406662","error":""},"_links":{"self":[{"href":"https:\/\/www.europesays.com\/fr\/wp-json\/wp\/v2\/posts\/145711","targetHints":{"allow":["GET"]}}],"collection":[{"href":"https:\/\/www.europesays.com\/fr\/wp-json\/wp\/v2\/posts"}],"about":[{"href":"https:\/\/www.europesays.com\/fr\/wp-json\/wp\/v2\/types\/post"}],"author":[{"embeddable":true,"href":"https:\/\/www.europesays.com\/fr\/wp-json\/wp\/v2\/users\/2"}],"replies":[{"embeddable":true,"href":"https:\/\/www.europesays.com\/fr\/wp-json\/wp\/v2\/comments?post=145711"}],"version-history":[{"count":0,"href":"https:\/\/www.europesays.com\/fr\/wp-json\/wp\/v2\/posts\/145711\/revisions"}],"wp:featuredmedia":[{"embeddable":true,"href":"https:\/\/www.europesays.com\/fr\/wp-json\/wp\/v2\/media\/145712"}],"wp:attachment":[{"href":"https:\/\/www.europesays.com\/fr\/wp-json\/wp\/v2\/media?parent=145711"}],"wp:term":[{"taxonomy":"category","embeddable":true,"href":"https:\/\/www.europesays.com\/fr\/wp-json\/wp\/v2\/categories?post=145711"},{"taxonomy":"post_tag","embeddable":true,"href":"https:\/\/www.europesays.com\/fr\/wp-json\/wp\/v2\/tags?post=145711"}],"curies":[{"name":"wp","href":"https:\/\/api.w.org\/{rel}","templated":true}]}}