{"id":145735,"date":"2025-06-02T06:14:09","date_gmt":"2025-06-02T06:14:09","guid":{"rendered":"https:\/\/www.europesays.com\/fr\/145735\/"},"modified":"2025-06-02T06:14:09","modified_gmt":"2025-06-02T06:14:09","slug":"le-roi-ne-voulait-rien-entendre","status":"publish","type":"post","link":"https:\/\/www.europesays.com\/fr\/145735\/","title":{"rendered":"\u201cLe roi ne voulait rien entendre\u201d"},"content":{"rendered":"<p>\u00c0 76 ans, le roi Charles III entend bien faire r\u00e9gner l\u2019ordre au sein de la monarchie. Celui qui a acc\u00e9d\u00e9 au tr\u00f4ne au d\u00e9c\u00e8s de sa m\u00e8re, la reine Elizabeth II, a licenci\u00e9 un garde-chasse du domaine de Sandringham pour une raison bien particuli\u00e8re en lien avec une tradition importante aux yeux de roi.<\/p>\n<p><strong>La royaut\u00e9 britannique est faite de traditions<\/strong> ch\u00e8res au c\u0153ur de ceux qui veillent \u00e0 ce qu\u2019elles soient maintenues en place. C\u2019est notamment le cas du <a href=\"https:\/\/www.purepeople.com\/people\/roi-charles-iii_p1519\" rel=\"nofollow noopener\" target=\"_blank\" data-ylk=\"slk:roi Charles III;elm:context_link;itc:0;sec:content-canvas\" class=\"link \">roi Charles III<\/a>. C\u2019est au d\u00e9c\u00e8s de son illustre m\u00e8re, la reine <a href=\"https:\/\/www.purepeople.com\/people\/elizabeth-ii_p1269\" rel=\"nofollow noopener\" target=\"_blank\" data-ylk=\"slk:Elizabeth II;elm:context_link;itc:0;sec:content-canvas\" class=\"link \">Elizabeth II<\/a>, le 8 septembre 2022, que Charles III a pu acc\u00e9der au tr\u00f4ne et devenir alors le roi du Royaume-Uni.<\/p>\n<p>L\u2019\u00e9poux de Camilla, qui <a href=\"https:\/\/fr.news.yahoo.com\/loin-langleterre-charles-camilla-contraints-205000635.html\" data-ylk=\"slk:a pris la parole au lendemain du drame survenu \u00e0 Liverpool;elm:context_link;itc:0;sec:content-canvas;outcm:mb_qualified_link;_E:mb_qualified_link;ct:story;\" class=\"link  yahoo-link\" target=\"_blank\" rel=\"noopener\">a pris la parole au lendemain du drame survenu \u00e0 Liverpool<\/a> le 26 mai dernier, continue d\u2019imposer ses choix, n\u2019en d\u00e9plaise \u00e0 ceux qui ne les comprennent pas, <a href=\"https:\/\/fr.news.yahoo.com\/prince-william-kate-middleton-frein%C3%A9s-200900204.html\" data-ylk=\"slk:m\u00eame s&#039;il peut s&#039;agir de son propre fils.;elm:context_link;itc:0;sec:content-canvas;outcm:mb_qualified_link;_E:mb_qualified_link;ct:story;\" class=\"link  yahoo-link\" target=\"_blank\" rel=\"noopener\">m\u00eame s&rsquo;il peut s&rsquo;agir de son propre fils.<\/a><\/p>\n<p>Charles III tr\u00e8s attach\u00e9 au \u00ab\u00a0Boxing Day Pheasant Shoot\u00a0\u00bb, il vire celui qui l\u2019a mis en p\u00e9ril<\/p>\n<p>Le \u00ab\u00a0Boxing Day Pheasant Shoot\u00a0\u00bb est<strong> la chasse au faisan qui se pratique le lendemain de No\u00ebl<\/strong>. Chaque ann\u00e9e, celle-ci est organis\u00e9e sur <strong>le domaine familial de Sandringham<\/strong>. Cette tradition, le roi Charles III compte bien la faire perdurer. Mais selon les informations du Sun, la derni\u00e8re chasse ne s\u2019est pas du tout pass\u00e9e comme pr\u00e9vu, en raison de <strong>la pr\u00e9sence trop rare du gibier<\/strong>, ce qui aurait rendu \u00ab\u00a0furieux\u00a0\u00bb le roi.<\/p>\n<p>Une source a alors r\u00e9v\u00e9l\u00e9 : \u00ab\u00a0C\u2019\u00e9tait une v\u00e9ritable catastrophe. Pas d\u2019oiseaux, pas de coups de feu, juste des visages rouges de honte.\u00a0\u00bb Sans attendre, <strong>le roi Charles III aurait pris la d\u00e9cision de licencier le garde-chasse.<\/strong> \u00ab\u00a0Le roi ne voulait rien entendre\u00a0\u00bb, selon cette m\u00eame source. Ce remerciement manu militari divise, mais envoie en tout cas un message clair : ce que le roi veut, le roi doit l\u2019obtenir.<\/p>\n<p>Cette chasse est l\u2019occasion pour la famille royale, divis\u00e9e depuis l\u2019\u00e9mancipation du <a href=\"https:\/\/www.purepeople.com\/people\/prince-harry_p477\" rel=\"nofollow noopener\" target=\"_blank\" data-ylk=\"slk:prince Harry;elm:context_link;itc:0;sec:content-canvas\" class=\"link \">prince Harry<\/a> et de son \u00e9pouse <a href=\"https:\/\/www.purepeople.com\/people\/meghan-markle_p291593\" rel=\"nofollow noopener\" target=\"_blank\" data-ylk=\"slk:Meghan Markle;elm:context_link;itc:0;sec:content-canvas\" class=\"link \">Meghan Markle<\/a>, de se retrouver. <a href=\"https:\/\/fr.news.yahoo.com\/c%C3%A9tait-six-ans-d%C3%A9j%C3%A0-dernier-082800889.html\" data-ylk=\"slk:La derni\u00e8re fois que tout le monde \u00e9tait r\u00e9uni \u00e0 cet \u00e9v\u00e9nement remonte \u00e0 d\u00e9cembre 2018;elm:context_link;itc:0;sec:content-canvas;outcm:mb_qualified_link;_E:mb_qualified_link;ct:story;\" class=\"link  yahoo-link\" target=\"_blank\" rel=\"noopener\">La derni\u00e8re fois que tout le monde \u00e9tait r\u00e9uni \u00e0 cet \u00e9v\u00e9nement remonte \u00e0 d\u00e9cembre 2018<\/a>. Malgr\u00e9 les distances prises par certains membres de la famille et les critiques r\u00e9currentes sur cette chasse, la tradition se poursuit d\u2019ann\u00e9e en ann\u00e9e, et <strong>le roi Charles III n\u2019est pas pr\u00e8s de lui faire ses adieux.<\/strong><\/p>\n<p>Ce n\u2019est pas la premi\u00e8re fois qu\u2019un choix du roi Charles III pose question. En effet, <a href=\"https:\/\/fr.news.yahoo.com\/luxe-%C3%A0-190-000-euros-170700123.html\" data-ylk=\"slk:sa nouvelle voiture, pour laquelle il a d\u00e9bours\u00e9 190 000 euros;elm:context_link;itc:0;sec:content-canvas;outcm:mb_qualified_link;_E:mb_qualified_link;ct:story;\" class=\"link  yahoo-link\" target=\"_blank\" rel=\"noopener\">sa nouvelle voiture, pour laquelle il a d\u00e9bours\u00e9 190 000 euros<\/a> selon The Sun, a \u00e9galement beaucoup fait parler.<\/p>\n<p>Alors que cette partie de chasse fait couler beaucoup d\u2019encre, ce que de nombreux passionn\u00e9s de royaut\u00e9 se demandent, c\u2019est de savoir quand est-ce que la hache de guerre sera d\u00e9finitivement enterr\u00e9e entre le prince Harry et le reste de son clan.<\/p>\n<p><a href=\"https:\/\/www.purepeople.com\/article\/licenciement-illico-presto-charles-iii-n-a-pas-pris-de-pincettes-le-roi-ne-voulait-rien-entendre_a538798\/1\" rel=\"nofollow noopener\" target=\"_blank\" data-ylk=\"slk:Article original sur Purepeople;elm:context_link;itc:0;sec:content-canvas\" class=\"link \">Article original sur Purepeople<\/a><\/p>\n","protected":false},"excerpt":{"rendered":"\u00c0 76 ans, le roi Charles III entend bien faire r\u00e9gner l\u2019ordre au sein de la monarchie. Celui&hellip;\n","protected":false},"author":2,"featured_media":145736,"comment_status":"","ping_status":"","sticky":false,"template":"","format":"standard","meta":{"footnotes":""},"categories":[1359],"tags":[581,58,59,1011,27,16515,973,27476,27477],"class_list":{"0":"post-145735","1":"post","2":"type-post","3":"status-publish","4":"format-standard","5":"has-post-thumbnail","7":"category-people","8":"tag-charles-iii","9":"tag-divertissement","10":"tag-entertainment","11":"tag-fr","12":"tag-france","13":"tag-le-roi","14":"tag-people","15":"tag-roi-du-royaume-uni","16":"tag-sun"},"share_on_mastodon":{"url":"https:\/\/pubeurope.com\/@fr\/114612303570512882","error":""},"_links":{"self":[{"href":"https:\/\/www.europesays.com\/fr\/wp-json\/wp\/v2\/posts\/145735","targetHints":{"allow":["GET"]}}],"collection":[{"href":"https:\/\/www.europesays.com\/fr\/wp-json\/wp\/v2\/posts"}],"about":[{"href":"https:\/\/www.europesays.com\/fr\/wp-json\/wp\/v2\/types\/post"}],"author":[{"embeddable":true,"href":"https:\/\/www.europesays.com\/fr\/wp-json\/wp\/v2\/users\/2"}],"replies":[{"embeddable":true,"href":"https:\/\/www.europesays.com\/fr\/wp-json\/wp\/v2\/comments?post=145735"}],"version-history":[{"count":0,"href":"https:\/\/www.europesays.com\/fr\/wp-json\/wp\/v2\/posts\/145735\/revisions"}],"wp:featuredmedia":[{"embeddable":true,"href":"https:\/\/www.europesays.com\/fr\/wp-json\/wp\/v2\/media\/145736"}],"wp:attachment":[{"href":"https:\/\/www.europesays.com\/fr\/wp-json\/wp\/v2\/media?parent=145735"}],"wp:term":[{"taxonomy":"category","embeddable":true,"href":"https:\/\/www.europesays.com\/fr\/wp-json\/wp\/v2\/categories?post=145735"},{"taxonomy":"post_tag","embeddable":true,"href":"https:\/\/www.europesays.com\/fr\/wp-json\/wp\/v2\/tags?post=145735"}],"curies":[{"name":"wp","href":"https:\/\/api.w.org\/{rel}","templated":true}]}}