{"id":145741,"date":"2025-06-02T06:17:10","date_gmt":"2025-06-02T06:17:10","guid":{"rendered":"https:\/\/www.europesays.com\/fr\/145741\/"},"modified":"2025-06-02T06:17:10","modified_gmt":"2025-06-02T06:17:10","slug":"ces-5-films-exceptionnels-qui-debarquent-en-juin","status":"publish","type":"post","link":"https:\/\/www.europesays.com\/fr\/145741\/","title":{"rendered":"ces 5 films exceptionnels qui d\u00e9barquent en juin"},"content":{"rendered":"<p>Si vous aimez le cin\u00e9ma, Canal+ reste la plateforme incontournable pour voir les meilleurs films qui viennent tout juste de quitter les salles obscures. La <a href=\"https:\/\/www.presse-citron.net\/nouvelle-chronologie-des-medias-a-quoi-faut-il-sattendre\/\" rel=\"nofollow noopener\" target=\"_blank\">nouvelle chronologie des m\u00e9dias<\/a> a beau avait fait les affaires de <a href=\"https:\/\/www.presse-citron.net\/disney-a-gagne-netflix-riposte-la-guerre-du-streaming-en-france-est-declaree\/\" rel=\"nofollow noopener\" target=\"_blank\">Disney+<\/a>, Canal+ profite d\u2019un avantage ind\u00e9niable puisque la plateforme peut diffuser les films seulement 6 mois apr\u00e8s leur sortie au cin\u00e9ma.<\/p>\n<p>C\u2019est donc le paradis pour les cin\u00e9philes. Chaque mois est l\u2019occasion pour Canal+ de faire le bonheur des amateurs de cin\u00e9ma en ajoutant d\u2019excellents films \u00e0 son catalogue. Parfait si vous les avez manqu\u00e9s lors de leur diffusion dans les salles obscures. Ainsi, le mois de juin est particuli\u00e8rement riche. Nous avons s\u00e9lectionn\u00e9 5 films qui sortent sur Canal+ ce mois-ci et qu\u2019il faut voir absolument.<\/p>\n<p>   Gladiator II <\/p>\n<p>     <a href=\"https:\/\/www.youtube.com\/@PressecitronHD?sub_confirmation=1\" target=\"_blank\" rel=\"nofollow noopener\">         S&rsquo;abonner \u00e0 Presse-citron     <\/a> <\/p>\n<p>C\u2019est certain\u00a0: Gladiator II \u00e9tait l\u2019un des films les plus attendus dans les salles obscures en 2024. La suite du film culte aura mis \u00e0 mal la patience des fans. Mais \u00e7a y est\u00a0! Seize ans apr\u00e8s la mort de Marc Aur\u00e8le, les jumeaux empereurs Geta et Caracalla font r\u00e9gner la terreur sur Rome. Bien loin de l\u00e0, le pays de Hanno est attaqu\u00e9 par les troupes du g\u00e9n\u00e9ral Acacius. Alors qu\u2019il assiste \u00e0 la mort de son \u00e9pouse dans l\u2019assaut, le jeune homme est fait prisonnier de guerre et doit maintenant jouer sa vie dans l\u2019ar\u00e8ne en tant que gladiateur. Mais Hanno n\u2019est pas n\u2019importe qui\u2026<\/p>\n<p>Gladiator II s\u2019en sort avec les honneurs. Le long m\u00e9trage est port\u00e9 avec brio par Paul Mescal (Aftersun), Denzel Washington (Philadelphia) et Pedro Pascal <a href=\"https:\/\/www.presse-citron.net\/on-a-vu-le-1er-episode-de-la-saison-2-de-the-last-of-us-on-zappe-ou-on-mate\/\" rel=\"nofollow noopener\" target=\"_blank\">(The Last of Us)<\/a> qui nous offrent un retour au Colis\u00e9e en fanfare. Gladiator II sort sur Canal+ <strong>le 6 juin 2025<\/strong>.<\/p>\n<p class=\"comp-p not-prose\"><a class=\"comp-button\" href=\"https:\/\/shop.presse-citron.net\/go\/4262\/\" target=\"_self\" rel=\"sponsored nofollow noopener\">Regarder sur CANAL+<\/a><\/p>\n<p style=\"margin-left: 40px; border-left: solid 4px\u00a0#1EC659; padding-left: 10px;\"><strong>Lire aussi \u2013 <\/strong><a href=\"https:\/\/www.presse-citron.net\/critique-gladiator-ii-faut-il-vraiment-entrer-a-nouveau-dans-larene\/\" rel=\"false nofollow noopener\" target=\"_blank\">Critique Gladiator 2\u00a0: faut-il vraiment entrer \u00e0 nouveau dans l\u2019ar\u00e8ne\u00a0?<\/a><\/p>\n<p> Leurs enfants apr\u00e8s eux <\/p>\n<p>Rendez-vous en ao\u00fbt 1992 dans une vall\u00e9e perdue de l\u2019Est. Leurs enfants apr\u00e8s eux est une adaptation du roman \u00e9ponyme ayant re\u00e7u le prix Goncourt en 2018. On suit le jeune Anthony qui s\u2019ennuie fort dans son patelin\u2026 Jusqu\u2019\u00e0 ce qu\u2019il croise la route de St\u00e9phanie, dont il tombe \u00e9perdument amoureux imm\u00e9diatement. Le soir m\u00eame, il emprunte en secret la moto de son p\u00e8re en esp\u00e9rant la retrouver lors d\u2019une soir\u00e9e. Mais le lendemain, la moto a disparu et sa vie bascule. Nos enfants apr\u00e8s eux nous invite \u00e0 d\u00e9couvrir l\u2019\u00e9volution du personnage principal \u00e0 travers une fresque g\u00e9n\u00e9rationnelle sur plusieurs ann\u00e9es.<\/p>\n<p>Paul Kircher (Le R\u00e8gne Animal) a remport\u00e9 le Prix Marcello Mastroianni du meilleur espoir \u00e0 la Mostra de Venise pour ce film. Le long m\u00e9trage a s\u00e9duit la presse et les spectateurs. C\u2019est \u00e0 d\u00e9couvrir sur Canal+ ce <strong>10 juin 2025<\/strong>.<\/p>\n<p class=\"comp-p not-prose\"><a class=\"comp-button\" href=\"https:\/\/shop.presse-citron.net\/go\/4262\/\" target=\"_self\" rel=\"sponsored nofollow noopener\">Regarder sur CANAL+<\/a><\/p>\n<p> Vingt dieux <\/p>\n<p>L\u2019ann\u00e9e derni\u00e8re, Vingt dieux a cr\u00e9\u00e9 la surprise. Le premier long m\u00e9trage de Louise Courvoisier a fait son petit effet. En plus d\u2019avoir squatt\u00e9 la t\u00eate du box-office d\u00e8s son premier jour de diffusion dans les salles de cin\u00e9ma de l\u2019Hexagone, Vingt Dieux a \u00e9t\u00e9 r\u00e9compens\u00e9 par une multitude de prix\u2026 Dont deux C\u00e9sars\u00a0: meilleur premier film et meilleure r\u00e9v\u00e9lation f\u00e9minisme pour Ma\u00efw\u00e8ne Barthelemy.<\/p>\n<p>Port\u00e9 par des acteurs non professionnels mais redoutablement dou\u00e9s, justes et subtiles, Vingt dieux nous plonge dans le quotidien de Totone, 18 ans, au fin fond du Jura. Alors qu\u2019il passe le plus clair de son temps \u00e0 boire des bi\u00e8res et \u00e0 \u00e9cumer les bals avec ses potes, la r\u00e9alit\u00e9 le rattrape quand il doit s\u2019occuper de sa petite soeur de 7 ans. C\u2019est ainsi qu\u2019il se met en t\u00eate de fabriquer le meilleur comt\u00e9 de la r\u00e9gion, qui lui permettrait de remporter la m\u00e9daille d\u2019or du concours agricole\u2026 Et 30\u00a0000 euros.<\/p>\n<p>Si vous \u00eates pass\u00e9 \u00e0 c\u00f4t\u00e9 de Vingt dieux lors de sa sortie dans les salles obscures, la s\u00e9ance de rattrapage est pr\u00e9vue sur Canal+ <strong>le 17 juin 2025<\/strong>.<\/p>\n<p class=\"comp-p not-prose\"><a class=\"comp-button\" href=\"https:\/\/shop.presse-citron.net\/go\/4262\/\" target=\"_self\" rel=\"sponsored nofollow noopener\">Regarder sur CANAL+<\/a><\/p>\n<p> La nuit se tra\u00eene <\/p>\n<p>Mady est \u00e9tudiant le jour et serrurier la nuit. Mais un soir, il ouvre la mauvaise porte et sa vie prend un tournant qu\u2019il n\u2019avait pas imagin\u00e9. En voulant \u00eatre gentil en d\u00e9pannant une jeune femme, il est maintenant complice d\u2019une affaire de grand banditisme. Probl\u00e8me\u00a0: le gang qui s\u2019est fait voler \u201cpar sa faute\u201d entend bien r\u00e9cup\u00e9rer l\u2019argent in extremis. Ainsi, Mady n\u2019a qu\u2019une nuit pour retrouver celle qui l\u2019a trahi et tout arranger s\u2019il ne veut pas mourir.<\/p>\n<p>La Nuit se tra\u00eene profite d\u2019une mise en sc\u00e8ne ma\u00eetris\u00e9e, d\u2019acteurs envo\u00fbtants et d\u2019un rythme effr\u00e9n\u00e9 pour nous plonger dans ces quelques heures suffocantes dans la vie de Mady. \u00c0 voir absolument sur Canal+ d\u00e8s <strong>le 26 juin 2025<\/strong>.<\/p>\n<p class=\"comp-p not-prose\"><a class=\"comp-button\" href=\"https:\/\/shop.presse-citron.net\/go\/4262\/\" target=\"_self\" rel=\"sponsored nofollow noopener\">Regarder sur CANAL+<\/a><\/p>\n<p> Wicked <\/p>\n<p>Depuis 2003, Wicked est la com\u00e9die musicale qui cartonne \u00e0 Broadway. Il est donc logique qu\u2019elle s\u2019offre une adaptation cin\u00e9matographique digne de ce nom. Bien avant les \u00e9v\u00e9nements du Magicien d\u2019Oz, la Bonne Sorci\u00e8re du Sud et la M\u00e9chante Sorci\u00e8re de l\u2019Ouest \u00e9taient amies. L\u2019une est populaire, belle et privil\u00e9gi\u00e9e tandis que l\u2019autre est moqu\u00e9e \u00e0 cause de la couleur de sa peau verte. Malgr\u00e9 leurs diff\u00e9rences, un lien fort les unit. Mais la destin\u00e9e a d\u00e9cid\u00e9 de les s\u00e9parer\u2026<\/p>\n<p>Entre des chor\u00e9graphies aux petits oignons, des d\u00e9cors merveilleux, des musiques ent\u00eatantes, des actrices brillantes, <a href=\"https:\/\/www.presse-citron.net\/critique-wicked-standing-ozvation-pour-ladaptation-de-la-comedie-musicale-de-broadway\/\" rel=\"nofollow noopener\" target=\"_blank\">Wicked fait du bien au moral<\/a>. La com\u00e9die musicale est \u00e0 voir et \u00e0 revoir sur Canal+ <strong>le 28 juin 2025<\/strong>.<\/p>\n<p class=\"comp-p not-prose\"><a class=\"comp-button\" href=\"https:\/\/shop.presse-citron.net\/go\/4262\/\" target=\"_self\" rel=\"sponsored nofollow noopener\">Regarder sur CANAL+<\/a><\/p>\n<p style=\"margin-left: 40px; border-left: solid 4px\u00a0#1EC659; padding-left: 10px;\"><strong>Lire aussi \u2013 <\/strong><a href=\"https:\/\/www.presse-citron.net\/les-9-films-qui-nous-ont-marques-en-2024\/\" rel=\"nofollow noopener\" target=\"_blank\">Les 9 films qui nous ont marqu\u00e9s en 2024<\/a><\/p>\n<blockquote>\n<p class=\"text-base text-neutral-700 dark:text-neutral-300\">\ud83d\udccd Pour ne manquer aucune actualit\u00e9 de Presse-citron, suivez-nous sur <a href=\"https:\/\/news.google.com\/publications\/CAAqBggKMIPiNTC70wU?hl=fr&amp;gl=FR&amp;ceid=FR%3Afr\" target=\"_blank\" rel=\"nofollow noopener\">Google Actualit\u00e9s<\/a> et <a href=\"https:\/\/whatsapp.com\/channel\/0029VaCkGuz4NViitBXbEr0b\" target=\"_blank\" rel=\"nofollow noopener\">WhatsApp<\/a>.<\/p>\n<\/blockquote>\n<p>            <img decoding=\"async\" src=\"https:\/\/www.europesays.com\/fr\/wp-content\/uploads\/2025\/05\/mycanal.png\" alt=\"MyCanal\" loading=\"lazy\"\/>                            <\/p>\n","protected":false},"excerpt":{"rendered":"Si vous aimez le cin\u00e9ma, Canal+ reste la plateforme incontournable pour voir les meilleurs films qui viennent tout&hellip;\n","protected":false},"author":2,"featured_media":145742,"comment_status":"","ping_status":"","sticky":false,"template":"","format":"standard","meta":{"footnotes":""},"categories":[1356],"tags":[328,10474,58,59,1011,27,252,1364],"class_list":{"0":"post-145741","1":"post","2":"type-post","3":"status-publish","4":"format-standard","5":"has-post-thumbnail","7":"category-television","8":"tag-a-la-une","9":"tag-canal","10":"tag-divertissement","11":"tag-entertainment","12":"tag-fr","13":"tag-france","14":"tag-television","15":"tag-tv"},"share_on_mastodon":{"url":"https:\/\/pubeurope.com\/@fr\/114612315367321158","error":""},"_links":{"self":[{"href":"https:\/\/www.europesays.com\/fr\/wp-json\/wp\/v2\/posts\/145741","targetHints":{"allow":["GET"]}}],"collection":[{"href":"https:\/\/www.europesays.com\/fr\/wp-json\/wp\/v2\/posts"}],"about":[{"href":"https:\/\/www.europesays.com\/fr\/wp-json\/wp\/v2\/types\/post"}],"author":[{"embeddable":true,"href":"https:\/\/www.europesays.com\/fr\/wp-json\/wp\/v2\/users\/2"}],"replies":[{"embeddable":true,"href":"https:\/\/www.europesays.com\/fr\/wp-json\/wp\/v2\/comments?post=145741"}],"version-history":[{"count":0,"href":"https:\/\/www.europesays.com\/fr\/wp-json\/wp\/v2\/posts\/145741\/revisions"}],"wp:featuredmedia":[{"embeddable":true,"href":"https:\/\/www.europesays.com\/fr\/wp-json\/wp\/v2\/media\/145742"}],"wp:attachment":[{"href":"https:\/\/www.europesays.com\/fr\/wp-json\/wp\/v2\/media?parent=145741"}],"wp:term":[{"taxonomy":"category","embeddable":true,"href":"https:\/\/www.europesays.com\/fr\/wp-json\/wp\/v2\/categories?post=145741"},{"taxonomy":"post_tag","embeddable":true,"href":"https:\/\/www.europesays.com\/fr\/wp-json\/wp\/v2\/tags?post=145741"}],"curies":[{"name":"wp","href":"https:\/\/api.w.org\/{rel}","templated":true}]}}