{"id":145743,"date":"2025-06-02T06:18:10","date_gmt":"2025-06-02T06:18:10","guid":{"rendered":"https:\/\/www.europesays.com\/fr\/145743\/"},"modified":"2025-06-02T06:18:10","modified_gmt":"2025-06-02T06:18:10","slug":"je-nai-pas-assez-de-mots-jenifer-fait-une-annonce-dune-importance-certaine-pour-la-suite-de-sa-carriere","status":"publish","type":"post","link":"https:\/\/www.europesays.com\/fr\/145743\/","title":{"rendered":"\u00ab\u00a0Je n\u2019ai pas assez de mots\u00a0\u00bb, Jenifer fait une annonce d\u2019une importance certaine pour la suite de sa carri\u00e8re"},"content":{"rendered":"<p>Le rideau se baisse sur la premi\u00e8re partie du Jukebox Tour. Le 27 mai, c&rsquo;est \u00e0 Ajaccio que <a href=\"https:\/\/www.public.fr\/tag\/jenifer\" target=\"_blank\" rel=\"noopener\"><strong>Jenifer<\/strong><\/a> a offert son dernier concert avant <strong>une pause bien m\u00e9rit\u00e9e de plusieurs mois<\/strong>. <\/p>\n<p>Un moment fort en \u00e9motions, durant lequel la chanteuse a tenu \u00e0 adresser un message touchant \u00e0 ses fans.<\/p>\n<p>Jenifer : \u00ab\u00a0L&rsquo;histoire n&rsquo;est pas finie\u00a0\u00bb<\/p>\n<p>Ce dimanche 1er juin 2025, elle s&rsquo;est en effet empar\u00e9e de ses <a href=\"https:\/\/www.instagram.com\/jeniferofficiel\/?hl=fr\" target=\"_blank\" rel=\"noreferrer noopener\">r\u00e9seaux sociaux<\/a> afin de remercier ses fid\u00e8les. <\/p>\n<p>\u00ab\u00a0<strong>Depuis plus de 20 ans, vous \u00eates l\u00e0. Pr\u00e9sents, fid\u00e8les, bienveillants. Vous avez chant\u00e9 avec moi, pleur\u00e9 parfois, ri souvent<\/strong>\u00ab\u00a0, a-t-elle \u00e9crit sur Instagram tout en partageant plusieurs clich\u00e9s de ces derniers mois.<\/p>\n<p>Et de poursuivre : \u00ab\u00a0Vous m\u2019avez port\u00e9 dans les moments de doute et c\u00e9l\u00e9br\u00e9 dans les instants de lumi\u00e8re. Gr\u00e2ce \u00e0 vous, chaque sc\u00e8ne a eu un go\u00fbt unique, chaque chanson une \u00e2me nouvelle. <strong>Je n\u2019ai pas assez de mots pour dire merci<\/strong>. Merci d\u2019avoir grandi avec moi, d\u2019avoir transmis ma musique, de m\u2019avoir laiss\u00e9 une place dans vos vies\u00a0\u00bb. <\/p>\n<p>Malgr\u00e9 cette \u00e9tape, Jenifer a promis \u00e0 sa communaut\u00e9 que l&rsquo;histoire n&rsquo;\u00e9tait \u00ab\u00a0pas finie\u00a0\u00bb. \u00ab\u00a0<strong>J\u2019ai h\u00e2te de vous retrouver tr\u00e8s bient\u00f4t, avec des chansons toutes neuves\u2026 ou presque<\/strong>. Tout plein d\u2019\u00e9motions \u00e0 revivre ensemble\u00a0\u00bb, a-t-elle ajout\u00e9. \u00ab\u00a0Vous me manquez d\u00e9j\u00e0 ! Le rendez-vous est pris\u2026 Et je vous attends d\u00e9j\u00e0.\u00a0\u00bb<\/p>\n<p>Les fans en \u00e9bullition<\/p>\n<p>Par la suite, Jenifer a tenu \u00e0 remercier sa bande : \u00ab\u00a0Travailler avec une \u00e9quipe aussi bienveillante, soud\u00e9e et inspirante a \u00e9t\u00e9 une v\u00e9ritable chance. Votre \u00e9coute, votre soutien et votre talent font toute la diff\u00e9rence au quotidien. Merci pour votre engagement, votre bonne humeur et votre humanit\u00e9. C\u2019est un vrai bonheur de faire partie de cette \u00e9quipe \u2013 vous \u00eates les best\u00a0\u00bb. Un post qui a suscit\u00e9 de vives r\u00e9actions.<\/p>\n<p>\u00ab\u00a0Woaw c\u2019est pour me faire pleurer \u00e7a ou quoi. Nous attendons \u00e9galement et impatiemment les prochaines dates pour s\u2019\u00e9vader le temps d\u2019un instant\u00a0\u00bb, a \u00e9crit une internaute. \u00ab\u00a0H\u00e2te d\u2019\u00e9crire la suite de cette belle aventure ensemble, prends soin de toi\u00a0\u00bb, a ajout\u00e9 une autre. Et une troisi\u00e8me de rench\u00e9rir : \u00ab\u00a0Tu es notre soleil\u00a0\u00bb. <\/p>\n<p>Une chose est s\u00fbre, c&rsquo;est qu&rsquo;<strong>apr\u00e8s plus de 20 ans de carri\u00e8re, Jenifer continue de s\u00e9duire le public comme au premier jour. <\/strong><\/p>\n<p>      Mentionn\u00e9s dans cet article<\/p>\n<p>\u00c0 lire aussi<\/p>\n<p><script async src=\"\/\/www.instagram.com\/embed.js\"><\/script><\/p>\n","protected":false},"excerpt":{"rendered":"Le rideau se baisse sur la premi\u00e8re partie du Jukebox Tour. Le 27 mai, c&rsquo;est \u00e0 Ajaccio que&hellip;\n","protected":false},"author":2,"featured_media":145744,"comment_status":"","ping_status":"","sticky":false,"template":"","format":"standard","meta":{"footnotes":""},"categories":[1355],"tags":[58,59,1011,27,2440,3284,1361,873,4441],"class_list":{"0":"post-145743","1":"post","2":"type-post","3":"status-publish","4":"format-standard","5":"has-post-thumbnail","7":"category-musique","8":"tag-divertissement","9":"tag-entertainment","10":"tag-fr","11":"tag-france","12":"tag-instagram","13":"tag-jenifer","14":"tag-music","15":"tag-musique","16":"tag-tournee"},"share_on_mastodon":{"url":"https:\/\/pubeurope.com\/@fr\/114612319250473231","error":""},"_links":{"self":[{"href":"https:\/\/www.europesays.com\/fr\/wp-json\/wp\/v2\/posts\/145743","targetHints":{"allow":["GET"]}}],"collection":[{"href":"https:\/\/www.europesays.com\/fr\/wp-json\/wp\/v2\/posts"}],"about":[{"href":"https:\/\/www.europesays.com\/fr\/wp-json\/wp\/v2\/types\/post"}],"author":[{"embeddable":true,"href":"https:\/\/www.europesays.com\/fr\/wp-json\/wp\/v2\/users\/2"}],"replies":[{"embeddable":true,"href":"https:\/\/www.europesays.com\/fr\/wp-json\/wp\/v2\/comments?post=145743"}],"version-history":[{"count":0,"href":"https:\/\/www.europesays.com\/fr\/wp-json\/wp\/v2\/posts\/145743\/revisions"}],"wp:featuredmedia":[{"embeddable":true,"href":"https:\/\/www.europesays.com\/fr\/wp-json\/wp\/v2\/media\/145744"}],"wp:attachment":[{"href":"https:\/\/www.europesays.com\/fr\/wp-json\/wp\/v2\/media?parent=145743"}],"wp:term":[{"taxonomy":"category","embeddable":true,"href":"https:\/\/www.europesays.com\/fr\/wp-json\/wp\/v2\/categories?post=145743"},{"taxonomy":"post_tag","embeddable":true,"href":"https:\/\/www.europesays.com\/fr\/wp-json\/wp\/v2\/tags?post=145743"}],"curies":[{"name":"wp","href":"https:\/\/api.w.org\/{rel}","templated":true}]}}