{"id":145745,"date":"2025-06-02T06:19:22","date_gmt":"2025-06-02T06:19:22","guid":{"rendered":"https:\/\/www.europesays.com\/fr\/145745\/"},"modified":"2025-06-02T06:19:22","modified_gmt":"2025-06-02T06:19:22","slug":"lesprit-critique-cinema-une-certaine-idee-du-fantastique","status":"publish","type":"post","link":"https:\/\/www.europesays.com\/fr\/145745\/","title":{"rendered":"L\u2019esprit critique \u00ab\u00a0cin\u00e9ma\u00a0\u00bb\u00a0: une certaine id\u00e9e du fantastique"},"content":{"rendered":"<p>Retarder la mort, en deviner la possibilit\u00e9 sur un bout d\u2019\u00e9cran ou la redouter dans les cuisines d\u2019un grand restaurant\u2026 \u00ab\u00a0L\u2019esprit critique\u00a0\u00bb de ce jour est consacr\u00e9 \u00e0 des films qui s\u2019inscrivent dans le genre du fantastique, voire de l\u2019horreur.<\/p>\n<p>On \u00e9voque en effet aujourd\u2019hui Another End du r\u00e9alisateur italien Piero Messina, Les Maudites, premier long m\u00e9trage de l\u2019Espagnol Pedro Mart\u00edn-Calero, et les deux films que le cin\u00e9aste japonais Kiyoshi Kurosawa fait para\u00eetre \u00e0 une semaine d\u2019intervalle, Chime et Cloud.<\/p>\n<p>\u00ab\u00a0<b>Another End\u00a0<\/b>\u00bb<\/p>\n<p>Another End est le second long m\u00e9trage du r\u00e9alisateur italien Piero Messina, dans lequel il s\u2019agit de retarder la mort, en l\u2019occurrence celle de la femme de Sal, incarn\u00e9 \u00e0 l\u2019\u00e9cran par Gabriel Garcia Bernal.<\/p>\n<p>Celle-ci est morte brutalement dans un accident de voiture et face au deuil impossible de son mari, la s\u0153ur de Sal, incarn\u00e9e par B\u00e9r\u00e9nice B\u00e9jo, lui propose de recourir au service d\u2019une nouvelle entreprise m\u00e9dicale et commerciale dans laquelle elle travaille, nomm\u00e9e Another End.<\/p>\n<p>Cette soci\u00e9t\u00e9 promet d\u2019att\u00e9nuer la douleur en r\u00e9animant temporairement la conscience et les souvenirs des personnes disparues en les transplantant dans des corps d\u2019employ\u00e9\u00b7es lou\u00e9s pour l\u2019occasion, afin d\u2019avoir le temps de dire adieu en profitant de quelques instants de r\u00e9surrection \u00e0 dur\u00e9e limit\u00e9e et en acceptant que le visage et l\u2019\u00e2me des d\u00e9funt\u00b7es ne correspondent plus.<\/p>\n<p>Dans une ambulance, c\u2019est donc un tout autre corps qui se r\u00e9veille comme apr\u00e8s un coma, avant que Sal ne veuille \u00e0 tout prix prolonger une exp\u00e9rience qui devait en th\u00e9orie ne durer que quelques heures. Le premier film de Piero Messina, L\u2019Attente, mettait en sc\u00e8ne Juliette Binoche dans le r\u00f4le d\u2019une m\u00e8re qui ne pouvait se r\u00e9soudre \u00e0 accepter la mort de son fils et \u00e0 la d\u00e9voiler \u00e0 sa petite amie. C\u2019est donc encore ici une r\u00e9flexion sur le d\u00e9ni qui se donne \u00e0 voir.\u00a0<\/p>\n<p>Another End, de<b> <\/b>Piero Messina, est sorti en salles mercredi 28 mai.<\/p>\n<\/p>\n<p>\u00ab\u00a0<b>Les Maudites\u00a0<\/b>\u00bb<\/p>\n<p>\u00ab\u00a0Les Maudites\u00a0\u00bb en version fran\u00e7aise, \u00ab les pleurs\u00a0\u00bb en version originale, est le premier long m\u00e9trage de l\u2019Espagnol Pedro Mart\u00edn-Calero. Il vient de sortir sur les \u00e9crans fran\u00e7ais apr\u00e8s une prometteuse tourn\u00e9e en festivals marqu\u00e9e notamment par le prix de la Critique au festival du film fantastique de G\u00e9rardmer.<\/p>\n<p>Le film est compos\u00e9 autour du destin de trois femmes hant\u00e9es et violent\u00e9es par une m\u00eame pr\u00e9sence \u2013\u00a0un vieil homme chauve qui n\u2019est pas sans \u00e9voquer la figure de Freddy Krueger des Griffes de la nuit. Ce spectre ne se distingue jamais \u00e0 l\u2019\u0153il nu mais il est capt\u00e9 sur les images que ces trois femmes manipulent \u00e0 plusieurs ann\u00e9es de distance.<\/p>\n<p>Ces trois femmes dont les vies sont reli\u00e9es par une m\u00eame mal\u00e9diction sont Andrea, une jeune \u00e9tudiante madril\u00e8ne dont le petit ami est subitement assassin\u00e9 par le myst\u00e9rieux spectre alors qu\u2019elle discute avec lui en visio\u00a0; sa m\u00e8re biologique, nomm\u00e9e Marie, une Fran\u00e7aise exil\u00e9e en Argentine et emprisonn\u00e9e vingt ans, accus\u00e9e d\u2019avoir tu\u00e9 Camila, troisi\u00e8me protagoniste de l\u2019histoire, une jeune \u00e9tudiante en cin\u00e9ma qui la filmait clandestinement et avait \u00e9t\u00e9 la premi\u00e8re \u00e0 capturer l\u2019inqui\u00e9tante pr\u00e9sence.<\/p>\n<p>Les Maudites, premier long m\u00e9trage de l\u2019Espagnol Pedro Mart\u00edn-Calero, est sorti sur les \u00e9crans mercredi 21 mai.<\/p>\n<\/p>\n<p>\u00ab\u00a0Chime\u00a0\u00bb et \u00ab\u00a0Cloud\u00a0\u00bb<\/p>\n<p>Chime et Cloud, ou \u00ab\u00a0carillon\u00a0\u00bb et \u00ab\u00a0nuage\u00a0\u00bb en fran\u00e7ais, sont les titres des deux films que le Japonais Kiyoshi Kurosawa fait sortir \u00e0 seulement une semaine de distance. Le premier, qui a \u00e9t\u00e9 pr\u00e9sent\u00e9 \u00e0 la Berlinale, est un moyen m\u00e9trage dont le titre fait r\u00e9f\u00e9rence au bruit obs\u00e9dant qu\u2019un \u00e9tudiant en cuisine entend dans sa t\u00eate, et qui peut \u00eatre \u00e9cout\u00e9 comme le tic-tac menant au d\u00e9ploiement de l\u2019horreur dans le d\u00e9cor d\u2019un restaurant prestigieux \u00e9laborant de la cuisine fran\u00e7aise.<\/p>\n<p>Le second est un long m\u00e9trage d\u2019un peu plus de deux heures qui a \u00e9t\u00e9 pr\u00e9sent\u00e9 au festival de Venise 2024 et a repr\u00e9sent\u00e9 le Japon \u00e0 l\u2019Oscar du meilleur film en langue \u00e9trang\u00e8re. L\u2019intrigue suit Ryosuke Yoshii, un jeune homme qui arrondit ses fins de mois en vendant des produits sur Internet, au point de devenir un acteur lucratif du commerce en ligne, qui lui permet de s\u2019installer pr\u00e8s d\u2019un lac avec sa compagne, mais pas d\u2019\u00e9chapper au m\u00e9contentement de la police, qui le soup\u00e7onne de pratiques frauduleuses, ni \u00e0 celui de ses clients, qui contestent sa mani\u00e8re d\u2019accumuler du mat\u00e9riel m\u00e9dical, des sacs \u00e0 main ou des poup\u00e9es de collection avant de les revendre en en gonflant artificiellement les prix.<\/p>\n<p>Chime est sorti en salles le 28 mai et Cloud sera visible \u00e0 partir du 4 juin.<\/p>\n<\/p>\n<p>Avec\u00a0:<\/p>\n<ul>\n<li><b>Alice Leroy<\/b>, qui \u00e9crit pour les Cahiers du cin\u00e9ma et Panth\u00e8re premi\u00e8re\u00a0;<\/li>\n<li><b>Occitane Lacurie<\/b>, membre du comit\u00e9 de r\u00e9daction de la revue de cin\u00e9ma D\u00e9bordements, doctorante en esth\u00e9tique et \u00e9tudes visuelles\u00a0;<\/li>\n<li><b>Rapha\u00ebl Nieuwjaer<\/b>, qui \u00e9crit aux Cahiers du cin\u00e9ma et aussi pour \u00c9tudes.<\/li>\n<\/ul>\n<p>\u00a0\u00ab\u00a0L\u2019esprit critique\u00a0\u00bb est un podcast enregistr\u00e9 par les \u00e9quipes de Gong et r\u00e9alis\u00e9 par Karen Beun.<\/p>\n","protected":false},"excerpt":{"rendered":"Retarder la mort, en deviner la possibilit\u00e9 sur un bout d\u2019\u00e9cran ou la redouter dans les cuisines d\u2019un&hellip;\n","protected":false},"author":2,"featured_media":145746,"comment_status":"","ping_status":"","sticky":false,"template":"","format":"standard","meta":{"footnotes":""},"categories":[1354],"tags":[1348,650,58,59,1346,1011,27,27478,1360,27479,27480],"class_list":{"0":"post-145745","1":"post","2":"type-post","3":"status-publish","4":"format-standard","5":"has-post-thumbnail","7":"category-films","8":"tag-arts","9":"tag-cinema","10":"tag-divertissement","11":"tag-entertainment","12":"tag-films","13":"tag-fr","14":"tag-france","15":"tag-kiyoshi-kurosawa","16":"tag-movies","17":"tag-pedro-martin-calero","18":"tag-piero-messina"},"share_on_mastodon":{"url":"https:\/\/pubeurope.com\/@fr\/114612323237499714","error":""},"_links":{"self":[{"href":"https:\/\/www.europesays.com\/fr\/wp-json\/wp\/v2\/posts\/145745","targetHints":{"allow":["GET"]}}],"collection":[{"href":"https:\/\/www.europesays.com\/fr\/wp-json\/wp\/v2\/posts"}],"about":[{"href":"https:\/\/www.europesays.com\/fr\/wp-json\/wp\/v2\/types\/post"}],"author":[{"embeddable":true,"href":"https:\/\/www.europesays.com\/fr\/wp-json\/wp\/v2\/users\/2"}],"replies":[{"embeddable":true,"href":"https:\/\/www.europesays.com\/fr\/wp-json\/wp\/v2\/comments?post=145745"}],"version-history":[{"count":0,"href":"https:\/\/www.europesays.com\/fr\/wp-json\/wp\/v2\/posts\/145745\/revisions"}],"wp:featuredmedia":[{"embeddable":true,"href":"https:\/\/www.europesays.com\/fr\/wp-json\/wp\/v2\/media\/145746"}],"wp:attachment":[{"href":"https:\/\/www.europesays.com\/fr\/wp-json\/wp\/v2\/media?parent=145745"}],"wp:term":[{"taxonomy":"category","embeddable":true,"href":"https:\/\/www.europesays.com\/fr\/wp-json\/wp\/v2\/categories?post=145745"},{"taxonomy":"post_tag","embeddable":true,"href":"https:\/\/www.europesays.com\/fr\/wp-json\/wp\/v2\/tags?post=145745"}],"curies":[{"name":"wp","href":"https:\/\/api.w.org\/{rel}","templated":true}]}}