{"id":145747,"date":"2025-06-02T06:20:08","date_gmt":"2025-06-02T06:20:08","guid":{"rendered":"https:\/\/www.europesays.com\/fr\/145747\/"},"modified":"2025-06-02T06:20:08","modified_gmt":"2025-06-02T06:20:08","slug":"desole-mesdames-je-ne-peux-pas-bander-pour-des-raisons-hormonales-les-effets-de-landropause-sur-la-sexualite","status":"publish","type":"post","link":"https:\/\/www.europesays.com\/fr\/145747\/","title":{"rendered":"\u00abD\u00e9sol\u00e9, mesdames, je ne peux pas bander pour des raisons hormonales\u00bb: les effets de l\u2019andropause sur la sexualit\u00e9"},"content":{"rendered":"<p>    Publi\u00e9 le 01 juin 2025 \u00e0 20:38. \/ Modifi\u00e9 le 02 juin 2025 \u00e0 08:02.<\/p>\n<p> 6 min. de lecture<\/p>\n<p>    <strong>Plaisirs partag\u00e9s<\/strong><\/p>\n<p>\u00abLe Temps\u00bb vous propose un rendez-vous hebdomadaire li\u00e9 \u00e0 l&rsquo;intimit\u00e9, \u00abPlaisirs partag\u00e9s\u00bb.\u00a0<strong>D\u00e9couvrez au fur et \u00e0 mesure les \u00e9pisodes<\/strong>\u00a0<a href=\"https:\/\/www.letemps.ch\/dossiers\/plaisirs-partages\" class=\"link\" target=\"_blank\" rel=\"noopener\">dans ce dossier<\/a>.<\/p>\n<p class=\"article__abstract-call-to-action\" data-ariato=\"TrackableElement\" data-trackable-element-type=\"article_abstract_cta\" data-trackable-element-location=\"article_header\" data-trackable-element-id=\"496517\">\n          <a data-event=\"click-&gt;clicked\" href=\"https:\/\/www.letemps.ch\/abonnements\" target=\"_blank\" rel=\"noopener\">Abonnez-vous<\/a> pour acc\u00e9der au r\u00e9sum\u00e9 en 20 secondes.\n        <\/p>\n<p>Quand R\u00e9my Burkel a commenc\u00e9 \u00e0 avoir les m\u00eames sympt\u00f4mes que son \u00e9pouse m\u00e9nopaus\u00e9e, il n\u2019a pas compris ce qui lui arrivait. A l\u2019approche de la soixantaine, il s\u2019est mis \u00e0 ressentir des bouff\u00e9es de chaleur nocturnes. \u00abAvec ma femme, la nuit, on rejetait la couette \u00e0 tour de r\u00f4le. Je me r\u00e9veillais tremp\u00e9 de sueur\u00bb, raconte-t-il. A ces su\u00e9es se sont ajout\u00e9s la fatigue, une baisse de libido et \u00abdes probl\u00e8mes pour bander\u00bb, comme il le d\u00e9crit dans son documentaire dr\u00f4le et sinc\u00e8re Andropause, la grande d\u00e9bandade?, diffus\u00e9 par France T\u00e9l\u00e9visions et la RTBF en 2024.<\/p>\n<p>Un urologue lui confirme par une prise de sang qu\u2019il est \u00abandropaus\u00e9\u00bb. Dans son film, R\u00e9my Burkel d\u00e9cortique ce ph\u00e9nom\u00e8ne physiologique qui peut survenir autour de la cinquantaine (voire d\u00e8s 40\u00a0ans), plus souvent appel\u00e9 \u00abd\u00e9ficit androg\u00e9nique li\u00e9 \u00e0 l\u2019\u00e2ge\u00bb dans le jargon m\u00e9dical et caract\u00e9ris\u00e9 par une baisse du niveau de testost\u00e9rone. Une sorte de pendant masculin de la m\u00e9nopause, pourtant quasi inconnu au bataillon. Le r\u00e9alisateur franco-am\u00e9ricain n\u2019en avait jamais entendu parler avant de travailler sur le sujet. \u00abMon m\u00e9decin traitant m\u2019a propos\u00e9 de prendre un peu de Cialis [une mol\u00e9cule utilis\u00e9e dans le traitement des troubles de l\u2019\u00e9rection] en me disant que j\u2019allais repartir comme en 40. Ce n\u2019est pas ce qu\u2019il s\u2019est pass\u00e9.\u00bb<\/p>\n<p>    L\u2019histoire ne s\u2019arr\u00eate pas l\u00e0.<\/p>\n<p class=\"post-subscribe__mention\">Restez inform\u00e9(e) sans limites pendant toute l&rsquo;ann\u00e9e \u2192 votre abonnement digital mensuel d\u00e8s CHF 29.- \/ mois.<\/p>\n<p class=\"post-subscribe__mention post-subscribe__mention--temporary\">Abonnez-vous en quelques clics et payez facilement avec <b>Twint<\/b>.<\/p>\n<p>    <a class=\"button is-secondary\" data-event=\"click-&gt;clicked\" href=\"https:\/\/www.letemps.ch\/abonnements?wall_id=19\" target=\"_blank\" rel=\"noopener\">Je m&rsquo;abonne<\/a><\/p>\n<p class=\"post-subscribe__login\">\n        Vous avez d\u00e9j\u00e0 un compte ?<br \/>\n        <a class=\"link\" rel=\"nofollow noopener\" href=\"https:\/\/www.letemps.ch\/compte\/connexion?return_to=https%3A%2F%2Fwww.letemps.ch%2Fsociete%2Fdesole-mesdames-je-ne-peux-pas-bander-pour-des-raisons-hormonales-les-effets-de-l-andropause-sur-la-sexualite\" target=\"_blank\">Se connecter<\/a>\n      <\/p>\n","protected":false},"excerpt":{"rendered":"Publi\u00e9 le 01 juin 2025 \u00e0 20:38. \/ Modifi\u00e9 le 02 juin 2025 \u00e0 08:02. 6 min. de&hellip;\n","protected":false},"author":2,"featured_media":145748,"comment_status":"","ping_status":"","sticky":false,"template":"","format":"standard","meta":{"footnotes":""},"categories":[10],"tags":[3297,1011,27,72,301,71,8703],"class_list":{"0":"post-145747","1":"post","2":"type-post","3":"status-publish","4":"format-standard","5":"has-post-thumbnail","7":"category-sante","8":"tag-entre-temps","9":"tag-fr","10":"tag-france","11":"tag-health","12":"tag-premium","13":"tag-sante","14":"tag-sexualite"},"share_on_mastodon":{"url":"https:\/\/pubeurope.com\/@fr\/114612327261515574","error":""},"_links":{"self":[{"href":"https:\/\/www.europesays.com\/fr\/wp-json\/wp\/v2\/posts\/145747","targetHints":{"allow":["GET"]}}],"collection":[{"href":"https:\/\/www.europesays.com\/fr\/wp-json\/wp\/v2\/posts"}],"about":[{"href":"https:\/\/www.europesays.com\/fr\/wp-json\/wp\/v2\/types\/post"}],"author":[{"embeddable":true,"href":"https:\/\/www.europesays.com\/fr\/wp-json\/wp\/v2\/users\/2"}],"replies":[{"embeddable":true,"href":"https:\/\/www.europesays.com\/fr\/wp-json\/wp\/v2\/comments?post=145747"}],"version-history":[{"count":0,"href":"https:\/\/www.europesays.com\/fr\/wp-json\/wp\/v2\/posts\/145747\/revisions"}],"wp:featuredmedia":[{"embeddable":true,"href":"https:\/\/www.europesays.com\/fr\/wp-json\/wp\/v2\/media\/145748"}],"wp:attachment":[{"href":"https:\/\/www.europesays.com\/fr\/wp-json\/wp\/v2\/media?parent=145747"}],"wp:term":[{"taxonomy":"category","embeddable":true,"href":"https:\/\/www.europesays.com\/fr\/wp-json\/wp\/v2\/categories?post=145747"},{"taxonomy":"post_tag","embeddable":true,"href":"https:\/\/www.europesays.com\/fr\/wp-json\/wp\/v2\/tags?post=145747"}],"curies":[{"name":"wp","href":"https:\/\/api.w.org\/{rel}","templated":true}]}}